{"id":118917,"date":"2021-06-19T15:14:35","date_gmt":"2021-06-19T19:14:35","guid":{"rendered":"https:\/\/linitiative.ca\/International\/real-le-depart-de-ramos-pas-une-surprise-pour-valdano\/"},"modified":"2021-06-19T15:14:35","modified_gmt":"2021-06-19T19:14:35","slug":"real-le-depart-de-ramos-pas-une-surprise-pour-valdano","status":"publish","type":"post","link":"https:\/\/linitiative.ca\/International\/real-le-depart-de-ramos-pas-une-surprise-pour-valdano\/","title":{"rendered":"Real : Le d\u00e9part de Ramos, pas une surprise pour Valdano"},"content":{"rendered":"<div>Jorge Valdao, L&rsquo;ancien entra\u00eeneur et directeur sportif du Real Madrid, estime que le d\u00e9part du d\u00e9fenseur central \u00e2g\u00e9 de 35 ans \u00e9tait devenu in\u00e9luctable<img loading=\"lazy\" decoding=\"async\" src=\"http:\/\/feeds.feedburner.com\/~r\/GalerieFArtciles\/~4\/2T-nz4hqvtU\" height=\"1\" width=\"1\" alt=\"\"><\/div>\n<p>Auteur:<br \/>\n<a href=\"http:\/\/www.lebuteur.com\/article\/detail?titre=real-le-depart-de-ramos-pas-une-surprise-pour-valdano&#038;id=100410&#038;utm_source=feedburner&#038;utm_medium=feed&#038;utm_campaign=Feed%3A+GalerieFArtciles+%28Les+derniers+articles++-+lebuteur.com%29\">Cliquez ici pour lire l&rsquo;article depuis sa source.<\/a><\/p>\n","protected":false},"excerpt":{"rendered":"<p>Jorge Valdao, L&rsquo;ancien entra\u00eeneur et directeur sportif du Real Madrid, estime que le d\u00e9part du d\u00e9fenseur central \u00e2g\u00e9 de 35 ans \u00e9tait devenu in\u00e9luctable Auteur: Cliquez ici pour lire l&rsquo;article depuis sa source.<\/p>\n","protected":false},"author":1738,"featured_media":0,"comment_status":"closed","ping_status":"closed","sticky":false,"template":"","format":"standard","meta":{"fifu_image_url":"http:\/\/feeds.feedburner.com\/~r\/GalerieFArtciles\/~4\/2T-nz4hqvtU","fifu_image_alt":"Real : Le d\u00e9part de Ramos, pas une surprise pour Valdano","footnotes":""},"categories":[53,75],"tags":[],"class_list":["post-118917","post","type-post","status-publish","format-standard","hentry","category-algerie","category-sport"],"_links":{"self":[{"href":"https:\/\/linitiative.ca\/International\/wp-json\/wp\/v2\/posts\/118917","targetHints":{"allow":["GET"]}}],"collection":[{"href":"https:\/\/linitiative.ca\/International\/wp-json\/wp\/v2\/posts"}],"about":[{"href":"https:\/\/linitiative.ca\/International\/wp-json\/wp\/v2\/types\/post"}],"author":[{"embeddable":true,"href":"https:\/\/linitiative.ca\/International\/wp-json\/wp\/v2\/users\/1738"}],"replies":[{"embeddable":true,"href":"https:\/\/linitiative.ca\/International\/wp-json\/wp\/v2\/comments?post=118917"}],"version-history":[{"count":0,"href":"https:\/\/linitiative.ca\/International\/wp-json\/wp\/v2\/posts\/118917\/revisions"}],"wp:attachment":[{"href":"https:\/\/linitiative.ca\/International\/wp-json\/wp\/v2\/media?parent=118917"}],"wp:term":[{"taxonomy":"category","embeddable":true,"href":"https:\/\/linitiative.ca\/International\/wp-json\/wp\/v2\/categories?post=118917"},{"taxonomy":"post_tag","embeddable":true,"href":"https:\/\/linitiative.ca\/International\/wp-json\/wp\/v2\/tags?post=118917"}],"curies":[{"name":"wp","href":"https:\/\/api.w.org\/{rel}","templated":true}]}}