{"id":118919,"date":"2021-06-19T15:14:38","date_gmt":"2021-06-19T19:14:38","guid":{"rendered":"https:\/\/linitiative.ca\/International\/euro-2021-portugal-allemagne-les-compos-dequipes\/"},"modified":"2021-06-19T15:14:38","modified_gmt":"2021-06-19T19:14:38","slug":"euro-2021-portugal-allemagne-les-compos-dequipes","status":"publish","type":"post","link":"https:\/\/linitiative.ca\/International\/euro-2021-portugal-allemagne-les-compos-dequipes\/","title":{"rendered":"Euro 2021 : Portugal &#8211; Allemagne (Les compos d&rsquo;\u00e9quipes)"},"content":{"rendered":"<div>C&rsquo;est le deuxi\u00e8me choc de ce groupe F ! Quatre jours apr\u00e8s sa d\u00e9faite face la France, l&rsquo;Allemagne re\u00e7oit le Portugal \u00e0 Munich pour tenter de gagner ses premiers points dans cet Euro.<img loading=\"lazy\" decoding=\"async\" src=\"http:\/\/feeds.feedburner.com\/~r\/GalerieFArtciles\/~4\/G6jZ9l5M1Ls\" height=\"1\" width=\"1\" alt=\"\"><\/div>\n<p>Auteur:<br \/>\n<a href=\"http:\/\/www.lebuteur.com\/article\/detail?titre=euro-2021-portugal-allemagne-les-compos-dequipes&#038;id=100412&#038;utm_source=feedburner&#038;utm_medium=feed&#038;utm_campaign=Feed%3A+GalerieFArtciles+%28Les+derniers+articles++-+lebuteur.com%29\">Cliquez ici pour lire l&rsquo;article depuis sa source.<\/a><\/p>\n","protected":false},"excerpt":{"rendered":"<p>C&rsquo;est le deuxi\u00e8me choc de ce groupe F ! Quatre jours apr\u00e8s sa d\u00e9faite face la France, l&rsquo;Allemagne re\u00e7oit le Portugal \u00e0 Munich pour tenter de gagner ses premiers points dans cet Euro. Auteur: Cliquez ici pour lire l&rsquo;article depuis sa source.<\/p>\n","protected":false},"author":1738,"featured_media":0,"comment_status":"closed","ping_status":"closed","sticky":false,"template":"","format":"standard","meta":{"fifu_image_url":"http:\/\/feeds.feedburner.com\/~r\/GalerieFArtciles\/~4\/G6jZ9l5M1Ls","fifu_image_alt":"<div>Euro 2021 : Portugal - Allemagne (Les compos d'\u00e9quipes)<\/div>","footnotes":""},"categories":[53,75],"tags":[],"class_list":["post-118919","post","type-post","status-publish","format-standard","hentry","category-algerie","category-sport"],"_links":{"self":[{"href":"https:\/\/linitiative.ca\/International\/wp-json\/wp\/v2\/posts\/118919","targetHints":{"allow":["GET"]}}],"collection":[{"href":"https:\/\/linitiative.ca\/International\/wp-json\/wp\/v2\/posts"}],"about":[{"href":"https:\/\/linitiative.ca\/International\/wp-json\/wp\/v2\/types\/post"}],"author":[{"embeddable":true,"href":"https:\/\/linitiative.ca\/International\/wp-json\/wp\/v2\/users\/1738"}],"replies":[{"embeddable":true,"href":"https:\/\/linitiative.ca\/International\/wp-json\/wp\/v2\/comments?post=118919"}],"version-history":[{"count":0,"href":"https:\/\/linitiative.ca\/International\/wp-json\/wp\/v2\/posts\/118919\/revisions"}],"wp:attachment":[{"href":"https:\/\/linitiative.ca\/International\/wp-json\/wp\/v2\/media?parent=118919"}],"wp:term":[{"taxonomy":"category","embeddable":true,"href":"https:\/\/linitiative.ca\/International\/wp-json\/wp\/v2\/categories?post=118919"},{"taxonomy":"post_tag","embeddable":true,"href":"https:\/\/linitiative.ca\/International\/wp-json\/wp\/v2\/tags?post=118919"}],"curies":[{"name":"wp","href":"https:\/\/api.w.org\/{rel}","templated":true}]}}