{"id":118921,"date":"2021-06-19T04:00:00","date_gmt":"2021-06-19T08:00:00","guid":{"rendered":"https:\/\/linitiative.ca\/International\/un-fils-de-la-medina-denvergure-universelle-ibn-khaldoun\/"},"modified":"2021-06-19T04:00:00","modified_gmt":"2021-06-19T08:00:00","slug":"un-fils-de-la-medina-denvergure-universelle-ibn-khaldoun","status":"publish","type":"post","link":"https:\/\/linitiative.ca\/International\/un-fils-de-la-medina-denvergure-universelle-ibn-khaldoun\/","title":{"rendered":"Un fils de la m\u00e9dina d\u2019envergure universelle: Ibn Khaldoun"},"content":{"rendered":"<div><img decoding=\"async\" src=\"https:\/\/linitiative.ca\/International\/wp-content\/uploads\/sites\/23\/2021\/06\/1624031998_article.jpg\" alt=\"Un fils de la m\u00e9dina d\u2019envergure universelle: Ibn Khaldoun\" align=\"left\">Par Mohamed-El Aziz Ben Achour &#8211; Le 27 mai 1332, dans une demeure patricienne de la m\u00e9dina de Tunis, naissait un enfant appel\u00e9 \u00e0 un destin extraordinaire. La vie du nouveau-n\u00e9, pr\u00e9nomm\u00e9 Abderrahman, commen\u00e7ait d\u2019ailleurs sous un jour favorable puisque sa famille, les Banou Khaldoun, appartenait \u00e0 la haute soci\u00e9t\u00e9 tunisoise et avait donn\u00e9 \u00e0 l\u2019Ifriqiya (c\u2019est-\u00e0-dire la Tunisie actuelle) des magistrats et de hauts fonctionnaires au service des sultans hafsides. Ce statut social \u00e9lev\u00e9 \u00e9tait rehauss\u00e9 par l\u2019origine andalouse et s\u00e9villane de la famille. Lorsque S\u00e9ville tomba en 1248 aux mains des rois catholiques, les Banou Khaldoun trouv\u00e8rent refuge \u00e0 Tunis o\u00f9 ils &#8230;<\/p>\n<\/div>\n<p>Auteur:<br \/>\n<a href=\"https:\/\/www.leaders.com.tn\/article\/32052-un-fils-de-la-medina-d-envergure-universelle-ibn-khaldoun\">Cliquez ici pour lire l&rsquo;article depuis sa source.<\/a><\/p>\n","protected":false},"excerpt":{"rendered":"<p>Par Mohamed-El Aziz Ben Achour &#8211; Le 27 mai 1332, dans une demeure patricienne de la m\u00e9dina de Tunis, naissait un enfant appel\u00e9 \u00e0 un destin extraordinaire. La vie du nouveau-n\u00e9, pr\u00e9nomm\u00e9 Abderrahman, commen\u00e7ait d\u2019ailleurs sous un jour favorable puisque sa famille, les Banou Khaldoun, appartenait \u00e0 la haute soci\u00e9t\u00e9 tunisoise et avait donn\u00e9 \u00e0 [&hellip;]<\/p>\n","protected":false},"author":1772,"featured_media":0,"comment_status":"closed","ping_status":"closed","sticky":false,"template":"","format":"standard","meta":{"fifu_image_url":"http:\/\/www.leaders.com.tn\/uploads\/content\/thumbnails_small\/1624031998_article.jpg","fifu_image_alt":"Un fils de la m\u00e9dina d\u2019envergure universelle: Ibn Khaldoun","footnotes":""},"categories":[73,55],"tags":[],"class_list":["post-118921","post","type-post","status-publish","format-standard","hentry","category-actualite","category-tunisie"],"_links":{"self":[{"href":"https:\/\/linitiative.ca\/International\/wp-json\/wp\/v2\/posts\/118921","targetHints":{"allow":["GET"]}}],"collection":[{"href":"https:\/\/linitiative.ca\/International\/wp-json\/wp\/v2\/posts"}],"about":[{"href":"https:\/\/linitiative.ca\/International\/wp-json\/wp\/v2\/types\/post"}],"author":[{"embeddable":true,"href":"https:\/\/linitiative.ca\/International\/wp-json\/wp\/v2\/users\/1772"}],"replies":[{"embeddable":true,"href":"https:\/\/linitiative.ca\/International\/wp-json\/wp\/v2\/comments?post=118921"}],"version-history":[{"count":0,"href":"https:\/\/linitiative.ca\/International\/wp-json\/wp\/v2\/posts\/118921\/revisions"}],"wp:attachment":[{"href":"https:\/\/linitiative.ca\/International\/wp-json\/wp\/v2\/media?parent=118921"}],"wp:term":[{"taxonomy":"category","embeddable":true,"href":"https:\/\/linitiative.ca\/International\/wp-json\/wp\/v2\/categories?post=118921"},{"taxonomy":"post_tag","embeddable":true,"href":"https:\/\/linitiative.ca\/International\/wp-json\/wp\/v2\/tags?post=118921"}],"curies":[{"name":"wp","href":"https:\/\/api.w.org\/{rel}","templated":true}]}}