{"id":118923,"date":"2021-06-19T06:00:00","date_gmt":"2021-06-19T10:00:00","guid":{"rendered":"https:\/\/linitiative.ca\/International\/bh-bank-med-salah-chebbi-el-ahssen-president-et-hichem-rebai-directeur-general\/"},"modified":"2021-06-19T06:00:00","modified_gmt":"2021-06-19T10:00:00","slug":"bh-bank-med-salah-chebbi-el-ahssen-president-et-hichem-rebai-directeur-general","status":"publish","type":"post","link":"https:\/\/linitiative.ca\/International\/bh-bank-med-salah-chebbi-el-ahssen-president-et-hichem-rebai-directeur-general\/","title":{"rendered":"BH Bank: Med Salah Chebbi El Ahssen Pr\u00e9sident et Hichem Rebai Directeur g\u00e9n\u00e9ral"},"content":{"rendered":"<div><img decoding=\"async\" src=\"https:\/\/linitiative.ca\/International\/wp-content\/uploads\/sites\/23\/2021\/06\/1624034360_article.jpg\" alt=\"BH Bank: Med Salah Chebbi El Ahssen Pr\u00e9sident et Hichem Rebai Directeur g\u00e9n\u00e9ral\" align=\"left\">Mohamed Salah Chebbi El Ahssen: Pr\u00e9sident<br \/>\nDe la pr\u00e9sidence du conseil de la BNA (2018-2021), il passe \u00e0 celle du conseil de la BH. M. El Ahssen est gestionnaire (ISG, Tunis, 1979), doubl\u00e9 d\u2019\u00e9narque (cycle sup\u00e9rieur, 1982 voie d\u2019administration \u00e9conomique et financi\u00e8re). Rejoignant le minist\u00e8re des Finances d\u00e8s 1982, il sera affect\u00e9 au Contr\u00f4le g\u00e9n\u00e9ral des finances (CGF) dont il deviendra le chef en 2009, jusqu\u2019en 2012. Passant de l\u2019autre c\u00f4t\u00e9, il sera nomm\u00e9 \u00e0 la t\u00eate d\u2019une entreprise publique de 2012 \u00e0 2015.<br \/>\nHichem Rebai: Directeur g\u00e9n\u00e9ral<br \/>\nIl bouclera en septembre prochain sa deuxi\u00e8me ann\u00e9e aux commandes de la BH. Avec \u00e0 la cl\u00e9 une bonne progression des &#8230;<\/p>\n<\/div>\n<p>Auteur:<br \/>\n<a href=\"https:\/\/www.leaders.com.tn\/article\/32053-bh-bank-med-salah-chebbi-el-ahssen-president-et-hichem-rebai-directeur-general\">Cliquez ici pour lire l&rsquo;article depuis sa source.<\/a><\/p>\n","protected":false},"excerpt":{"rendered":"<p>Mohamed Salah Chebbi El Ahssen: Pr\u00e9sident De la pr\u00e9sidence du conseil de la BNA (2018-2021), il passe \u00e0 celle du conseil de la BH. M. El Ahssen est gestionnaire (ISG, Tunis, 1979), doubl\u00e9 d\u2019\u00e9narque (cycle sup\u00e9rieur, 1982 voie d\u2019administration \u00e9conomique et financi\u00e8re). Rejoignant le minist\u00e8re des Finances d\u00e8s 1982, il sera affect\u00e9 au Contr\u00f4le g\u00e9n\u00e9ral [&hellip;]<\/p>\n","protected":false},"author":1772,"featured_media":0,"comment_status":"closed","ping_status":"closed","sticky":false,"template":"","format":"standard","meta":{"fifu_image_url":"http:\/\/www.leaders.com.tn\/uploads\/content\/thumbnails_small\/1624034360_article.jpg","fifu_image_alt":"BH Bank: Med Salah Chebbi El Ahssen Pr\u00e9sident et Hichem Rebai Directeur g\u00e9n\u00e9ral","footnotes":""},"categories":[73,55],"tags":[],"class_list":["post-118923","post","type-post","status-publish","format-standard","hentry","category-actualite","category-tunisie"],"_links":{"self":[{"href":"https:\/\/linitiative.ca\/International\/wp-json\/wp\/v2\/posts\/118923","targetHints":{"allow":["GET"]}}],"collection":[{"href":"https:\/\/linitiative.ca\/International\/wp-json\/wp\/v2\/posts"}],"about":[{"href":"https:\/\/linitiative.ca\/International\/wp-json\/wp\/v2\/types\/post"}],"author":[{"embeddable":true,"href":"https:\/\/linitiative.ca\/International\/wp-json\/wp\/v2\/users\/1772"}],"replies":[{"embeddable":true,"href":"https:\/\/linitiative.ca\/International\/wp-json\/wp\/v2\/comments?post=118923"}],"version-history":[{"count":0,"href":"https:\/\/linitiative.ca\/International\/wp-json\/wp\/v2\/posts\/118923\/revisions"}],"wp:attachment":[{"href":"https:\/\/linitiative.ca\/International\/wp-json\/wp\/v2\/media?parent=118923"}],"wp:term":[{"taxonomy":"category","embeddable":true,"href":"https:\/\/linitiative.ca\/International\/wp-json\/wp\/v2\/categories?post=118923"},{"taxonomy":"post_tag","embeddable":true,"href":"https:\/\/linitiative.ca\/International\/wp-json\/wp\/v2\/tags?post=118923"}],"curies":[{"name":"wp","href":"https:\/\/api.w.org\/{rel}","templated":true}]}}