{"id":118925,"date":"2021-06-19T03:30:47","date_gmt":"2021-06-19T07:30:47","guid":{"rendered":"https:\/\/linitiative.ca\/International\/emmanuel-fayad-notre-objectif-est-davoir-au-moins-5-ecoles-au-maroc-dans-les-4-ou-5-prochaines-annees\/"},"modified":"2021-06-19T03:30:47","modified_gmt":"2021-06-19T07:30:47","slug":"emmanuel-fayad-notre-objectif-est-davoir-au-moins-5-ecoles-au-maroc-dans-les-4-ou-5-prochaines-annees","status":"publish","type":"post","link":"https:\/\/linitiative.ca\/International\/emmanuel-fayad-notre-objectif-est-davoir-au-moins-5-ecoles-au-maroc-dans-les-4-ou-5-prochaines-annees\/","title":{"rendered":"Emmanuel Fayad : \u00abnotre objectif est d\u2019avoir au moins 5 \u00e9coles au Maroc dans les 4 ou 5 prochaines ann\u00e9es\u00bb"},"content":{"rendered":"<div><img decoding=\"async\" width=\"2240\" height=\"2560\" src=\"https:\/\/linitiative.ca\/International\/wp-content\/uploads\/sites\/23\/2021\/06\/M-FAYAD-scaled-1.jpg\" class=\"attachment-post-thumbnail size-post-thumbnail wp-post-image\" alt=\"\" loading=\"lazy\" srcset=\"https:\/\/linitiative.ca\/International\/wp-content\/uploads\/sites\/23\/2021\/06\/M-FAYAD-scaled-1.jpg 2240w, https:\/\/www.challenge.ma\/wp-content\/uploads\/2021\/06\/M-FAYAD-263x300.jpg 263w, https:\/\/www.challenge.ma\/wp-content\/uploads\/2021\/06\/M-FAYAD-896x1024.jpg 896w, https:\/\/www.challenge.ma\/wp-content\/uploads\/2021\/06\/M-FAYAD-768x878.jpg 768w, https:\/\/www.challenge.ma\/wp-content\/uploads\/2021\/06\/M-FAYAD-1344x1536.jpg 1344w, https:\/\/www.challenge.ma\/wp-content\/uploads\/2021\/06\/M-FAYAD-1792x2048.jpg 1792w, https:\/\/www.challenge.ma\/wp-content\/uploads\/2021\/06\/M-FAYAD-360x411.jpg 360w, https:\/\/www.challenge.ma\/wp-content\/uploads\/2021\/06\/M-FAYAD-750x857.jpg 750w\" sizes=\"auto, (max-width: 2240px) 100vw, 2240px\" itemprop=\"image\">Le groupe Open Sky International pose ses valises au Maroc, avec l\u2019ouverture \u00e0 Casablanca, d\u00e8s la rentr\u00e9e prochaine, de sa premi\u00e8re \u00e9cole dans le royaume. Le nouvel arrivant dans l\u2019enseignement priv\u00e9 au Maroc propose une kyrielle d\u2019offres de haute qualit\u00e9 pour se diff\u00e9rencier sur son march\u00e9. Emmanuel Fayad, PDG et<\/div>\n<p>Auteur: challenge<br \/>\n<a href=\"https:\/\/www.challenge.ma\/emmanuel-fayad-pdg-du-groupe-open-sky-international-notre-objectif-est-davoir-au-moins-5-ecoles-au-maroc-dans-les-4-ou-5-prochaines-annees-189042\/\">Cliquez ici pour lire l&rsquo;article depuis sa source.<\/a><\/p>\n","protected":false},"excerpt":{"rendered":"<p>Le groupe Open Sky International pose ses valises au Maroc, avec l\u2019ouverture \u00e0 Casablanca, d\u00e8s la rentr\u00e9e prochaine, de sa premi\u00e8re \u00e9cole dans le royaume. Le nouvel arrivant dans l\u2019enseignement priv\u00e9 au Maroc propose une kyrielle d\u2019offres de haute qualit\u00e9 pour se diff\u00e9rencier sur son march\u00e9. Emmanuel Fayad, PDG et Auteur: challenge Cliquez ici pour [&hellip;]<\/p>\n","protected":false},"author":1787,"featured_media":0,"comment_status":"closed","ping_status":"closed","sticky":false,"template":"","format":"standard","meta":{"fifu_image_url":"https:\/\/www.challenge.ma\/wp-content\/uploads\/2021\/06\/M-FAYAD-scaled.jpg","fifu_image_alt":"Emmanuel Fayad : \u00abnotre objectif est d\u2019avoir au moins 5 \u00e9coles au Maroc dans les 4 ou 5 prochaines ann\u00e9es\u00bb","footnotes":""},"categories":[78,54],"tags":[],"class_list":["post-118925","post","type-post","status-publish","format-standard","hentry","category-economie","category-maroc"],"_links":{"self":[{"href":"https:\/\/linitiative.ca\/International\/wp-json\/wp\/v2\/posts\/118925","targetHints":{"allow":["GET"]}}],"collection":[{"href":"https:\/\/linitiative.ca\/International\/wp-json\/wp\/v2\/posts"}],"about":[{"href":"https:\/\/linitiative.ca\/International\/wp-json\/wp\/v2\/types\/post"}],"author":[{"embeddable":true,"href":"https:\/\/linitiative.ca\/International\/wp-json\/wp\/v2\/users\/1787"}],"replies":[{"embeddable":true,"href":"https:\/\/linitiative.ca\/International\/wp-json\/wp\/v2\/comments?post=118925"}],"version-history":[{"count":0,"href":"https:\/\/linitiative.ca\/International\/wp-json\/wp\/v2\/posts\/118925\/revisions"}],"wp:attachment":[{"href":"https:\/\/linitiative.ca\/International\/wp-json\/wp\/v2\/media?parent=118925"}],"wp:term":[{"taxonomy":"category","embeddable":true,"href":"https:\/\/linitiative.ca\/International\/wp-json\/wp\/v2\/categories?post=118925"},{"taxonomy":"post_tag","embeddable":true,"href":"https:\/\/linitiative.ca\/International\/wp-json\/wp\/v2\/tags?post=118925"}],"curies":[{"name":"wp","href":"https:\/\/api.w.org\/{rel}","templated":true}]}}