{"id":118929,"date":"2021-06-19T15:45:40","date_gmt":"2021-06-19T19:45:40","guid":{"rendered":"https:\/\/linitiative.ca\/International\/le-maroc-change-de-fusil-depaule\/"},"modified":"2021-06-19T15:45:40","modified_gmt":"2021-06-19T19:45:40","slug":"le-maroc-change-de-fusil-depaule","status":"publish","type":"post","link":"https:\/\/linitiative.ca\/International\/le-maroc-change-de-fusil-depaule\/","title":{"rendered":"Le Maroc change de fusil d\u2019\u00e9paule\u2026"},"content":{"rendered":"<div><img decoding=\"async\" width=\"1600\" height=\"1030\" src=\"https:\/\/linitiative.ca\/International\/wp-content\/uploads\/sites\/23\/2021\/06\/carte-maroc-1.jpg\" class=\"attachment-post-thumbnail size-post-thumbnail wp-post-image\" alt=\"\" loading=\"lazy\" srcset=\"https:\/\/linitiative.ca\/International\/wp-content\/uploads\/sites\/23\/2021\/06\/carte-maroc-1.jpg 1600w, https:\/\/www.challenge.ma\/wp-content\/uploads\/2021\/06\/carte-maroc-1-300x193.jpg 300w, https:\/\/www.challenge.ma\/wp-content\/uploads\/2021\/06\/carte-maroc-1-1024x659.jpg 1024w, https:\/\/www.challenge.ma\/wp-content\/uploads\/2021\/06\/carte-maroc-1-768x494.jpg 768w, https:\/\/www.challenge.ma\/wp-content\/uploads\/2021\/06\/carte-maroc-1-1536x989.jpg 1536w, https:\/\/www.challenge.ma\/wp-content\/uploads\/2021\/06\/carte-maroc-1-360x232.jpg 360w, https:\/\/www.challenge.ma\/wp-content\/uploads\/2021\/06\/carte-maroc-1-750x483.jpg 750w\" sizes=\"auto, (max-width: 1600px) 100vw, 1600px\" itemprop=\"image\">Il est vrai que le monde change aujourd\u2019hui, et les donn\u00e9es g\u00e9opolitiques sont en train de changer aussi d\u2019une mani\u00e8re fulgurante. Le Maroc pourrait rentrer dans l\u2019histoire mondiale qui sera enseign\u00e9e prochainement dans toutes les \u00e9coles du Monde. Alors que se passe t-il r\u00e9ellement ? Je pense que nous sommes<\/div>\n<p>Auteur: challenge<br \/>\n<a href=\"https:\/\/www.challenge.ma\/le-maroc-change-de-fusil-depaule-189112\/\">Cliquez ici pour lire l&rsquo;article depuis sa source.<\/a><\/p>\n","protected":false},"excerpt":{"rendered":"<p>Il est vrai que le monde change aujourd\u2019hui, et les donn\u00e9es g\u00e9opolitiques sont en train de changer aussi d\u2019une mani\u00e8re fulgurante. Le Maroc pourrait rentrer dans l\u2019histoire mondiale qui sera enseign\u00e9e prochainement dans toutes les \u00e9coles du Monde. Alors que se passe t-il r\u00e9ellement ? Je pense que nous sommes Auteur: challenge Cliquez ici pour [&hellip;]<\/p>\n","protected":false},"author":1787,"featured_media":0,"comment_status":"closed","ping_status":"closed","sticky":false,"template":"","format":"standard","meta":{"fifu_image_url":"https:\/\/www.challenge.ma\/wp-content\/uploads\/2021\/06\/carte-maroc-1.jpg","fifu_image_alt":"Le Maroc change de fusil d\u2019\u00e9paule\u2026","footnotes":""},"categories":[78,54],"tags":[],"class_list":["post-118929","post","type-post","status-publish","format-standard","hentry","category-economie","category-maroc"],"_links":{"self":[{"href":"https:\/\/linitiative.ca\/International\/wp-json\/wp\/v2\/posts\/118929","targetHints":{"allow":["GET"]}}],"collection":[{"href":"https:\/\/linitiative.ca\/International\/wp-json\/wp\/v2\/posts"}],"about":[{"href":"https:\/\/linitiative.ca\/International\/wp-json\/wp\/v2\/types\/post"}],"author":[{"embeddable":true,"href":"https:\/\/linitiative.ca\/International\/wp-json\/wp\/v2\/users\/1787"}],"replies":[{"embeddable":true,"href":"https:\/\/linitiative.ca\/International\/wp-json\/wp\/v2\/comments?post=118929"}],"version-history":[{"count":0,"href":"https:\/\/linitiative.ca\/International\/wp-json\/wp\/v2\/posts\/118929\/revisions"}],"wp:attachment":[{"href":"https:\/\/linitiative.ca\/International\/wp-json\/wp\/v2\/media?parent=118929"}],"wp:term":[{"taxonomy":"category","embeddable":true,"href":"https:\/\/linitiative.ca\/International\/wp-json\/wp\/v2\/categories?post=118929"},{"taxonomy":"post_tag","embeddable":true,"href":"https:\/\/linitiative.ca\/International\/wp-json\/wp\/v2\/tags?post=118929"}],"curies":[{"name":"wp","href":"https:\/\/api.w.org\/{rel}","templated":true}]}}