{"id":118932,"date":"2021-06-19T16:26:30","date_gmt":"2021-06-19T20:26:30","guid":{"rendered":"https:\/\/linitiative.ca\/International\/tunisie-un-element-dangereux-de-daech-passe-par-laeroport-de-tunis-sans-aucun-controle\/"},"modified":"2021-06-19T16:26:30","modified_gmt":"2021-06-19T20:26:30","slug":"tunisie-un-element-dangereux-de-daech-passe-par-laeroport-de-tunis-sans-aucun-controle","status":"publish","type":"post","link":"https:\/\/linitiative.ca\/International\/tunisie-un-element-dangereux-de-daech-passe-par-laeroport-de-tunis-sans-aucun-controle\/","title":{"rendered":"Tunisie \u2013 Un \u00e9l\u00e9ment dangereux de DAECH passe par l\u2019a\u00e9roport de Tunis sans aucun contr\u00f4le"},"content":{"rendered":"<div>\n<p>Les services de la police antiterrorisme ont ouvert une enqu\u00eate suite \u00e0 l\u2019entr\u00e9e sur le territoire tunisien d\u2019un \u00e9l\u00e9ment tr\u00e8s dangereux de DAECH, sans qu\u2019il ait \u00e9t\u00e9 intercept\u00e9 par la police des fronti\u00e8res. L\u2019enqu\u00eate a d\u00e9marr\u00e9 quand, par pur hasard, l\u2019individu en question a \u00e9t\u00e9 arr\u00eat\u00e9 par une patrouille de police, dans la r\u00e9gion de [\u2026]<\/p>\n<p>L\u2019article <a href=\"https:\/\/www.tunisienumerique.com\/tunisie-un-element-dangereux-de-daech-passe-par-laeroport-de-tunis-sans-aucun-controle\/\">Tunisie \u2013 Un \u00e9l\u00e9ment dangereux de DAECH passe par l\u2019a\u00e9roport de Tunis sans aucun contr\u00f4le<\/a> est apparu en premier sur <a href=\"https:\/\/www.tunisienumerique.com\/\">Tunisie<\/a>.<\/p>\n<\/div>\n<p>Auteur: LM<br \/>\n<a href=\"https:\/\/www.tunisienumerique.com\/tunisie-un-element-dangereux-de-daech-passe-par-laeroport-de-tunis-sans-aucun-controle\/\">Cliquez ici pour lire l&rsquo;article depuis sa source.<\/a><\/p>\n","protected":false},"excerpt":{"rendered":"<p>Les services de la police antiterrorisme ont ouvert une enqu\u00eate suite \u00e0 l\u2019entr\u00e9e sur le territoire tunisien d\u2019un \u00e9l\u00e9ment tr\u00e8s dangereux de DAECH, sans qu\u2019il ait \u00e9t\u00e9 intercept\u00e9 par la police des fronti\u00e8res. L\u2019enqu\u00eate a d\u00e9marr\u00e9 quand, par pur hasard, l\u2019individu en question a \u00e9t\u00e9 arr\u00eat\u00e9 par une patrouille de police, dans la r\u00e9gion de [&hellip;]<\/p>\n","protected":false},"author":1789,"featured_media":0,"comment_status":"closed","ping_status":"closed","sticky":false,"template":"","format":"standard","meta":{"fifu_image_url":"","fifu_image_alt":"","footnotes":""},"categories":[73,55],"tags":[],"class_list":["post-118932","post","type-post","status-publish","format-standard","hentry","category-actualite","category-tunisie"],"_links":{"self":[{"href":"https:\/\/linitiative.ca\/International\/wp-json\/wp\/v2\/posts\/118932","targetHints":{"allow":["GET"]}}],"collection":[{"href":"https:\/\/linitiative.ca\/International\/wp-json\/wp\/v2\/posts"}],"about":[{"href":"https:\/\/linitiative.ca\/International\/wp-json\/wp\/v2\/types\/post"}],"author":[{"embeddable":true,"href":"https:\/\/linitiative.ca\/International\/wp-json\/wp\/v2\/users\/1789"}],"replies":[{"embeddable":true,"href":"https:\/\/linitiative.ca\/International\/wp-json\/wp\/v2\/comments?post=118932"}],"version-history":[{"count":0,"href":"https:\/\/linitiative.ca\/International\/wp-json\/wp\/v2\/posts\/118932\/revisions"}],"wp:attachment":[{"href":"https:\/\/linitiative.ca\/International\/wp-json\/wp\/v2\/media?parent=118932"}],"wp:term":[{"taxonomy":"category","embeddable":true,"href":"https:\/\/linitiative.ca\/International\/wp-json\/wp\/v2\/categories?post=118932"},{"taxonomy":"post_tag","embeddable":true,"href":"https:\/\/linitiative.ca\/International\/wp-json\/wp\/v2\/tags?post=118932"}],"curies":[{"name":"wp","href":"https:\/\/api.w.org\/{rel}","templated":true}]}}