{"id":118933,"date":"2021-06-19T16:37:59","date_gmt":"2021-06-19T20:37:59","guid":{"rendered":"https:\/\/linitiative.ca\/International\/tunisie-exclusif-confinement-general-au-gouvernorat-de-beja\/"},"modified":"2021-06-19T16:37:59","modified_gmt":"2021-06-19T20:37:59","slug":"tunisie-exclusif-confinement-general-au-gouvernorat-de-beja","status":"publish","type":"post","link":"https:\/\/linitiative.ca\/International\/tunisie-exclusif-confinement-general-au-gouvernorat-de-beja\/","title":{"rendered":"Tunisie \u2013 EXCLUSIF\u00a0: Confinement g\u00e9n\u00e9ral au gouvernorat de B\u00e9ja"},"content":{"rendered":"<div>\n<p>TunisieNumerique vient d\u2019apprendre de sources bien inform\u00e9es que le confinement g\u00e9n\u00e9ral et le bouclage de la r\u00e9gion va \u00eatre d\u00e9cr\u00e9t\u00e9 pour la r\u00e9gion de B\u00e9ja. Et ce, cette nuit, ou,, au plus tard, demain matin. Cette d\u00e9cision aura \u00e9t\u00e9 impos\u00e9e par la situation \u00e9pid\u00e9miologique du covid dans la r\u00e9gion, et par la classification de toutes [\u2026]<\/p>\n<p>L\u2019article <a href=\"https:\/\/www.tunisienumerique.com\/tunisie-exclusif-confinement-general-au-gouvernorat-de-beja\/\">Tunisie \u2013 EXCLUSIF\u00a0: Confinement g\u00e9n\u00e9ral au gouvernorat de B\u00e9ja<\/a> est apparu en premier sur <a href=\"https:\/\/www.tunisienumerique.com\/\">Tunisie<\/a>.<\/p>\n<\/div>\n<p>Auteur: LM<br \/>\n<a href=\"https:\/\/www.tunisienumerique.com\/tunisie-exclusif-confinement-general-au-gouvernorat-de-beja\/\">Cliquez ici pour lire l&rsquo;article depuis sa source.<\/a><\/p>\n","protected":false},"excerpt":{"rendered":"<p>TunisieNumerique vient d\u2019apprendre de sources bien inform\u00e9es que le confinement g\u00e9n\u00e9ral et le bouclage de la r\u00e9gion va \u00eatre d\u00e9cr\u00e9t\u00e9 pour la r\u00e9gion de B\u00e9ja. Et ce, cette nuit, ou,, au plus tard, demain matin. Cette d\u00e9cision aura \u00e9t\u00e9 impos\u00e9e par la situation \u00e9pid\u00e9miologique du covid dans la r\u00e9gion, et par la classification de toutes [&hellip;]<\/p>\n","protected":false},"author":1789,"featured_media":0,"comment_status":"closed","ping_status":"closed","sticky":false,"template":"","format":"standard","meta":{"fifu_image_url":"","fifu_image_alt":"","footnotes":""},"categories":[73,55],"tags":[],"class_list":["post-118933","post","type-post","status-publish","format-standard","hentry","category-actualite","category-tunisie"],"_links":{"self":[{"href":"https:\/\/linitiative.ca\/International\/wp-json\/wp\/v2\/posts\/118933","targetHints":{"allow":["GET"]}}],"collection":[{"href":"https:\/\/linitiative.ca\/International\/wp-json\/wp\/v2\/posts"}],"about":[{"href":"https:\/\/linitiative.ca\/International\/wp-json\/wp\/v2\/types\/post"}],"author":[{"embeddable":true,"href":"https:\/\/linitiative.ca\/International\/wp-json\/wp\/v2\/users\/1789"}],"replies":[{"embeddable":true,"href":"https:\/\/linitiative.ca\/International\/wp-json\/wp\/v2\/comments?post=118933"}],"version-history":[{"count":0,"href":"https:\/\/linitiative.ca\/International\/wp-json\/wp\/v2\/posts\/118933\/revisions"}],"wp:attachment":[{"href":"https:\/\/linitiative.ca\/International\/wp-json\/wp\/v2\/media?parent=118933"}],"wp:term":[{"taxonomy":"category","embeddable":true,"href":"https:\/\/linitiative.ca\/International\/wp-json\/wp\/v2\/categories?post=118933"},{"taxonomy":"post_tag","embeddable":true,"href":"https:\/\/linitiative.ca\/International\/wp-json\/wp\/v2\/tags?post=118933"}],"curies":[{"name":"wp","href":"https:\/\/api.w.org\/{rel}","templated":true}]}}