{"id":118934,"date":"2021-06-19T16:38:33","date_gmt":"2021-06-19T20:38:33","guid":{"rendered":"https:\/\/linitiative.ca\/International\/exclusif-imposition-du-confinement-general-a-beja\/"},"modified":"2021-06-19T16:38:33","modified_gmt":"2021-06-19T20:38:33","slug":"exclusif-imposition-du-confinement-general-a-beja","status":"publish","type":"post","link":"https:\/\/linitiative.ca\/International\/exclusif-imposition-du-confinement-general-a-beja\/","title":{"rendered":"Exclusif : Imposition du confinement g\u00e9n\u00e9ral \u00e0 B\u00e9ja"},"content":{"rendered":"<div>\n<p>Des sources priv\u00e9es ont confirm\u00e9 \u00e0 l\u2019\u00e9quipe de Tunisienumerique ce soir 19 juin 2021, l\u2019imposition, dans les heures \u00e0 venir ou le lendemain, d\u2019un confinement g\u00e9n\u00e9ral au gouvernorat de B\u00e9ja. La m\u00eame source a ajout\u00e9 que cette d\u00e9cision a \u00e9t\u00e9 prise en raison de l\u2019aggravation de la situation \u00e9pid\u00e9miologique \u00e0 cause de la propagation du [\u2026]<\/p>\n<p>L\u2019article <a href=\"https:\/\/www.tunisienumerique.com\/exclusif-imposition-du-confinement-general-a-beja\/\">Exclusif : Imposition du confinement g\u00e9n\u00e9ral \u00e0 B\u00e9ja<\/a> est apparu en premier sur <a href=\"https:\/\/www.tunisienumerique.com\/\">Tunisie<\/a>.<\/p>\n<\/div>\n<p>Auteur: rania ben slimane<br \/>\n<a href=\"https:\/\/www.tunisienumerique.com\/exclusif-imposition-du-confinement-general-a-beja\/\">Cliquez ici pour lire l&rsquo;article depuis sa source.<\/a><\/p>\n","protected":false},"excerpt":{"rendered":"<p>Des sources priv\u00e9es ont confirm\u00e9 \u00e0 l\u2019\u00e9quipe de Tunisienumerique ce soir 19 juin 2021, l\u2019imposition, dans les heures \u00e0 venir ou le lendemain, d\u2019un confinement g\u00e9n\u00e9ral au gouvernorat de B\u00e9ja. La m\u00eame source a ajout\u00e9 que cette d\u00e9cision a \u00e9t\u00e9 prise en raison de l\u2019aggravation de la situation \u00e9pid\u00e9miologique \u00e0 cause de la propagation du [&hellip;]<\/p>\n","protected":false},"author":1789,"featured_media":0,"comment_status":"closed","ping_status":"closed","sticky":false,"template":"","format":"standard","meta":{"fifu_image_url":"","fifu_image_alt":"","footnotes":""},"categories":[73,55],"tags":[],"class_list":["post-118934","post","type-post","status-publish","format-standard","hentry","category-actualite","category-tunisie"],"_links":{"self":[{"href":"https:\/\/linitiative.ca\/International\/wp-json\/wp\/v2\/posts\/118934","targetHints":{"allow":["GET"]}}],"collection":[{"href":"https:\/\/linitiative.ca\/International\/wp-json\/wp\/v2\/posts"}],"about":[{"href":"https:\/\/linitiative.ca\/International\/wp-json\/wp\/v2\/types\/post"}],"author":[{"embeddable":true,"href":"https:\/\/linitiative.ca\/International\/wp-json\/wp\/v2\/users\/1789"}],"replies":[{"embeddable":true,"href":"https:\/\/linitiative.ca\/International\/wp-json\/wp\/v2\/comments?post=118934"}],"version-history":[{"count":0,"href":"https:\/\/linitiative.ca\/International\/wp-json\/wp\/v2\/posts\/118934\/revisions"}],"wp:attachment":[{"href":"https:\/\/linitiative.ca\/International\/wp-json\/wp\/v2\/media?parent=118934"}],"wp:term":[{"taxonomy":"category","embeddable":true,"href":"https:\/\/linitiative.ca\/International\/wp-json\/wp\/v2\/categories?post=118934"},{"taxonomy":"post_tag","embeddable":true,"href":"https:\/\/linitiative.ca\/International\/wp-json\/wp\/v2\/tags?post=118934"}],"curies":[{"name":"wp","href":"https:\/\/api.w.org\/{rel}","templated":true}]}}