{"id":118936,"date":"2021-06-19T12:21:43","date_gmt":"2021-06-19T16:21:43","guid":{"rendered":"https:\/\/linitiative.ca\/International\/sommet-de-la-cedeao-la-59e-session-sest-ouverte-ce-samedi-19-juin-a-accra\/"},"modified":"2021-06-19T12:21:43","modified_gmt":"2021-06-19T16:21:43","slug":"sommet-de-la-cedeao-la-59e-session-sest-ouverte-ce-samedi-19-juin-a-accra","status":"publish","type":"post","link":"https:\/\/linitiative.ca\/International\/sommet-de-la-cedeao-la-59e-session-sest-ouverte-ce-samedi-19-juin-a-accra\/","title":{"rendered":"Sommet de la CEDEAO : la 59e session s\u2019est ouverte ce samedi 19 juin \u00e0 Accra."},"content":{"rendered":"<div>\n<p><strong>Les chefs d\u2019Etat et de gouvernement de la Communaut\u00e9 \u00e9conomique des Etats de l\u2019Afrique de l\u2019Ouest (CEDEAO), ont entam\u00e9 ce matin, les travaux de la 59\u00e8 session ordinaire de leur conf\u00e9rence.<\/strong><\/p>\n<p>Les dirigeants de cet espace communautaire vont passer en revue, entre autres, l\u2019\u00e9tat d\u2019avancement de la r\u00e9forme institutionnelle, la vision de la CEDEAO 2050, l\u2019\u00e9tat de mise en \u0153uvre des recommandations de la 85e session ordinaire du Conseil des ministres, et la situation humanitaire dans la sous-r\u00e9gion. Ils se pencheront sur les questions r\u00e9gionales, notamment les r\u00e9cents d\u00e9veloppements politiques et s\u00e9curitaires qui menacent la paix et la stabilit\u00e9 dans l\u2019espace communautaire.<\/p>\n<p>A la lumi\u00e8re du rapport qui sera pr\u00e9sent\u00e9 par l\u2019envoy\u00e9 sp\u00e9cial de la CEDEAO au Mali, l\u2019ancien pr\u00e9sident nig\u00e9rian Goodluck Jonathan, les dirigeants de l\u2019organisation sous-r\u00e9gionale examineront \u00e9galement la situation qui pr\u00e9vaut dans ce pays. \u00a0Les r\u00e9ponses \u00e0 la pand\u00e9mie de la COVID-19 seront aussi examin\u00e9es.<\/p>\n<p><strong><img decoding=\"async\" loading=\"lazy\" class=\"alignnone  wp-image-36591\" src=\"https:\/\/linitiative.ca\/International\/wp-content\/uploads\/sites\/23\/2021\/06\/PF-1-200x300-1.jpg\" alt=\"\" width=\"311\" height=\"467\" srcset=\"https:\/\/linitiative.ca\/International\/wp-content\/uploads\/sites\/23\/2021\/06\/PF-1-200x300-1.jpg 200w, https:\/\/www.sidwaya.info\/wp-content\/uploads\/2021\/06\/PF-1-683x1024.jpg 683w, https:\/\/www.sidwaya.info\/wp-content\/uploads\/2021\/06\/PF-1-768x1152.jpg 768w, https:\/\/www.sidwaya.info\/wp-content\/uploads\/2021\/06\/PF-1-1024x1536.jpg 1024w, https:\/\/www.sidwaya.info\/wp-content\/uploads\/2021\/06\/PF-1-150x225.jpg 150w, https:\/\/www.sidwaya.info\/wp-content\/uploads\/2021\/06\/PF-1-300x450.jpg 300w, https:\/\/www.sidwaya.info\/wp-content\/uploads\/2021\/06\/PF-1-696x1044.jpg 696w, https:\/\/www.sidwaya.info\/wp-content\/uploads\/2021\/06\/PF-1-1068x1602.jpg 1068w, https:\/\/www.sidwaya.info\/wp-content\/uploads\/2021\/06\/PF-1-280x420.jpg 280w, https:\/\/www.sidwaya.info\/wp-content\/uploads\/2021\/06\/PF-1-1320x1980.jpg 1320w, https:\/\/www.sidwaya.info\/wp-content\/uploads\/2021\/06\/PF-1.jpg 1365w\" sizes=\"auto, (max-width: 311px) 100vw, 311px\">Le<\/strong> pr\u00e9sident du Faso, Roch Marc Christian Kabor\u00e9 qui est champion de la CEDEAO pour la libre circulation des personnes et des biens, partagera avec ses pairs, sa vision sur cette probl\u00e9matique essentielle \u00e0 l\u2019int\u00e9gration entre les peuples de la communaut\u00e9.<\/p>\n<p>\u00a0<\/p>\n<p><strong>La R\u00e9daction<\/strong><\/p>\n<p>L\u2019article <a rel=\"nofollow\" href=\"https:\/\/www.sidwaya.info\/blog\/2021\/06\/19\/sommet-de-la-cedeao-la-59e-session-sest-ouverte-ce-samedi-19-juin-a-accra\/\">Sommet de la CEDEAO : la 59e session s\u2019est ouverte ce samedi 19 juin \u00e0 Accra.<\/a> est apparu en premier sur <a rel=\"nofollow\" href=\"https:\/\/www.sidwaya.info\/\">Quotidien Sidwaya<\/a>.<\/p>\n<\/div>\n<p>Auteur: Wamini SIDWAYA<br \/>\n<a href=\"https:\/\/www.sidwaya.info\/blog\/2021\/06\/19\/sommet-de-la-cedeao-la-59e-session-sest-ouverte-ce-samedi-19-juin-a-accra\/\">Cliquez ici pour lire l&rsquo;article depuis sa source.<\/a><\/p>\n","protected":false},"excerpt":{"rendered":"<p>Les chefs d\u2019Etat et de gouvernement de la Communaut\u00e9 \u00e9conomique des Etats de l\u2019Afrique de l\u2019Ouest (CEDEAO), ont entam\u00e9 ce matin, les travaux de la 59\u00e8 session ordinaire de leur conf\u00e9rence. Les dirigeants de cet espace communautaire vont passer en revue, entre autres, l\u2019\u00e9tat d\u2019avancement de la r\u00e9forme institutionnelle, la vision de la CEDEAO 2050, [&hellip;]<\/p>\n","protected":false},"author":1816,"featured_media":0,"comment_status":"closed","ping_status":"closed","sticky":false,"template":"","format":"standard","meta":{"fifu_image_url":"https:\/\/www.sidwaya.info\/wp-content\/uploads\/2021\/06\/PF-1-200x300.jpg","fifu_image_alt":"Sommet de la CEDEAO : la 59e session s\u2019est ouverte ce samedi 19 juin \u00e0 Accra.","footnotes":""},"categories":[73,81],"tags":[],"class_list":["post-118936","post","type-post","status-publish","format-standard","hentry","category-actualite","category-burkina-faso"],"_links":{"self":[{"href":"https:\/\/linitiative.ca\/International\/wp-json\/wp\/v2\/posts\/118936","targetHints":{"allow":["GET"]}}],"collection":[{"href":"https:\/\/linitiative.ca\/International\/wp-json\/wp\/v2\/posts"}],"about":[{"href":"https:\/\/linitiative.ca\/International\/wp-json\/wp\/v2\/types\/post"}],"author":[{"embeddable":true,"href":"https:\/\/linitiative.ca\/International\/wp-json\/wp\/v2\/users\/1816"}],"replies":[{"embeddable":true,"href":"https:\/\/linitiative.ca\/International\/wp-json\/wp\/v2\/comments?post=118936"}],"version-history":[{"count":0,"href":"https:\/\/linitiative.ca\/International\/wp-json\/wp\/v2\/posts\/118936\/revisions"}],"wp:attachment":[{"href":"https:\/\/linitiative.ca\/International\/wp-json\/wp\/v2\/media?parent=118936"}],"wp:term":[{"taxonomy":"category","embeddable":true,"href":"https:\/\/linitiative.ca\/International\/wp-json\/wp\/v2\/categories?post=118936"},{"taxonomy":"post_tag","embeddable":true,"href":"https:\/\/linitiative.ca\/International\/wp-json\/wp\/v2\/tags?post=118936"}],"curies":[{"name":"wp","href":"https:\/\/api.w.org\/{rel}","templated":true}]}}