{"id":118938,"date":"2021-06-19T08:18:02","date_gmt":"2021-06-19T12:18:02","guid":{"rendered":"https:\/\/linitiative.ca\/International\/senegal-sonko-et-macky-a-la-une-de-la-presse\/"},"modified":"2021-06-19T08:18:02","modified_gmt":"2021-06-19T12:18:02","slug":"senegal-sonko-et-macky-a-la-une-de-la-presse","status":"publish","type":"post","link":"https:\/\/linitiative.ca\/International\/senegal-sonko-et-macky-a-la-une-de-la-presse\/","title":{"rendered":"S\u00e9n\u00e9gal: Sonko et Macky \u00e0 la Une de la presse"},"content":{"rendered":"<div>\n<p><img loading=\"lazy\" decoding=\"async\" width=\"600\" height=\"406\" src=\"https:\/\/linitiative.ca\/International\/wp-content\/uploads\/sites\/23\/2021\/06\/16241050822437.jpg\" class=\"attachment-post-thumbnail size-post-thumbnail wp-post-image\" alt=\"\" srcset=\"https:\/\/linitiative.ca\/International\/wp-content\/uploads\/sites\/23\/2021\/06\/16241050822437.jpg 600w, https:\/\/www.journalducameroun.com\/wp-content\/uploads\/2021\/06\/16241050822437-300x203.jpg 300w\" sizes=\"auto, (max-width: 600px) 100vw, 600px\"><\/p>\n<p>Les quotidiens s\u00e9n\u00e9galais, parvenus ce samedi \u00e0 APA, sont revenus sur la sortie de l&rsquo;opposant Ousmane Sonko et la suite de la tourn\u00e9e \u00e9conomique de Macky Sall.Charge contre le pouvoir, \u00ab Sonko appelle \u00e0 la loi du talion \u00bb titre\u00a0Vox Populi. Face aux attaques de nervis sur des S\u00e9n\u00e9galais lors de la tourn\u00e9e \u00e9conomique du Pr\u00e9sident Macky Sall, l&rsquo;opposant et leader du PASTEF-Les Patriotes assume la responsabilit\u00e9 \u00ab\u00a0d&rsquo;appeler \u00e0 la riposte\u00a0\u00bb.<\/p>\n<p>Pour\u00a0Le Quotidien, \u00ab Ousmane Sonko bande les muscles \u00bb face \u00e0 la pr\u00e9sence de gros bras dans la s\u00e9curit\u00e9 pr\u00e9sidentielle. A ses partisans et sympathisants, il confia: \u00ab quiconque vous attaque, vous r\u00e9pliquez\u00a0\u00bb. Pendant ce temps ajoute le journal, la soci\u00e9t\u00e9 civile interpelle Macky Sall sur le recrutement de nervis.\u00a0<\/p>\n<p>Recours \u00e0 des nervis, changement \u00e0 la t\u00eate des forces de s\u00e9curit\u00e9, \u00ab Sonko flaire la strat\u00e9gie du chaos \u00bb lance\u00a0Walf\u00a0Quotidien.\u00a0<\/p>\n<p>Dans\u00a0L&rsquo;Observateur\u00a0, l&rsquo;opposant pr\u00e9vient qu&rsquo;on se dirige vers trois ann\u00e9es difficiles d&rsquo;ici \u00e0\u00a02024 parce que les S\u00e9n\u00e9galais ont commis l&rsquo;erreur d&rsquo;\u00e9lire un homme qui s&rsquo;appelle Macky Sall en 2012.<\/p>\n<p>Cette violence perp\u00e9tr\u00e9e par des nervis lors de la tourn\u00e9e de Macky Sall, appelle \u00e0 une \u00ablev\u00e9e g\u00e9n\u00e9rale de boucliers \u00bb selon\u00a0Sud Quotidien. \u00ab Ousmane Sonko accuse Macky Sall et appelle \u00e0 l&rsquo;auto-d\u00e9fense \u00bb note le journal.\u00a0La soci\u00e9t\u00e9 civile sonne l&rsquo;alerte et pr\u00f4ne l&rsquo;interdiction de milices ajoute la parution.<\/p>\n<p>Alors que sa tourn\u00e9e \u00e9conomique touche \u00e0 sa fin \u00e0 Matam, Macky Sall a affich\u00e9 sa \u00ab\u00a0fiert\u00e9\u00a0\u00bb dans\u00a0Le Soleil\u00a0face \u00e0 ses r\u00e9alisations dans cette r\u00e9gion.\u00a0\u00ab Comment les Promovilles ont chang\u00e9 le visage de Matam \u00bb s&rsquo;extasie le quotidien national,\u00a0qui \u00a0informe que le cha\u00eene r\u00e9gionale RTS5 Matam a lanc\u00e9 ses programmes avec comme premier invit\u00e9 le Pr\u00e9sident Macky Sall.<\/p>\n<p>Dans\u00a0Vox Populi, le pr\u00e9sident de la R\u00e9publique\u00a0bombe le torse face \u00e0 l&rsquo;accueil populaire dans le nord du pays et soutient que cette visite \u00e9conomique a \u00e9t\u00e9 \u00a0une \u00ab\u00a0r\u00e9ussite\u00a0\u00e0 tous points de vue\u00a0\u00bb.<\/p>\n<p>Sud Quotidien\u00a0y voit une campagne de s\u00e9duction sans fin. \u00ab Macky drague Matam \u00bb \u00e9crit le journal, qui indique\u00a0que le Pr\u00e9sident a vant\u00e9 ses nombreuses r\u00e9alisations avant de\u00a0saluer\u00a0l&rsquo;accueil populaire dans cette r\u00e9gion.\u00a0<\/p>\n<p>L&rsquo;Observateur\u00a0revient sur la grosse col\u00e8re de Macky Sall lors de son passage \u00e0 Kanel. Le journal informe\u00a0que le Chef de l&rsquo;Etat a brocard\u00e9 les responsables locaux lanc\u00e9s dans une bataille de positionnement en vue des Locales. \u00ab Les d\u00e9cisions seront prises sur la base de la connaissance exacte que j&rsquo;ai de chaque localit\u00e9 \u00bb a martel\u00e9 le patron de la coalition pr\u00e9sidentielle Benno Bokk Yakaar (BBY).<\/p>\n<p>En sport,\u00a0Stades\u00a0revient sur les chocs du jour \u00e0 l&rsquo;Euro. \u00ab Quatre g\u00e9ants et trois chocs ce samedi \u00bb titre le journal, qui rappelle qu&rsquo;\u00e0 c\u00f4t\u00e9 de France vs Hongrie, on aura un all\u00e9chant\u00a0Portugal vs Allemagne et Espagne vs Pologne.\u00a0<br \/>\n\tRecord pour sa part, met en vedette le \u00ab sulfureux \u00bb Portugal vs Allemagne et pr\u00e9vient la France face au pi\u00e8ge \u00ab hongrois \u00bb.<\/p>\n<p>Cet article <a rel=\"nofollow\" href=\"https:\/\/www.journalducameroun.com\/senegal-sonko-et-macky-a-la-une-de-la-presse\/\">S\u00e9n\u00e9gal: Sonko et Macky \u00e0 la Une de la presse<\/a> est apparu en premier sur <a rel=\"nofollow\" href=\"https:\/\/www.journalducameroun.com\/\">Journal du Cameroun<\/a>.<\/p>\n<\/div>\n<p>Auteur: APA News<br \/>\n<a href=\"https:\/\/www.journalducameroun.com\/senegal-sonko-et-macky-a-la-une-de-la-presse\/\">Cliquez ici pour lire l&rsquo;article depuis sa source.<\/a><\/p>\n","protected":false},"excerpt":{"rendered":"<p>Les quotidiens s\u00e9n\u00e9galais, parvenus ce samedi \u00e0 APA, sont revenus sur la sortie de l&rsquo;opposant Ousmane Sonko et la suite de la tourn\u00e9e \u00e9conomique de Macky Sall.Charge contre le pouvoir, \u00ab Sonko appelle \u00e0 la loi du talion \u00bb titre\u00a0Vox Populi. Face aux attaques de nervis sur des S\u00e9n\u00e9galais lors de la tourn\u00e9e \u00e9conomique du [&hellip;]<\/p>\n","protected":false},"author":1965,"featured_media":0,"comment_status":"closed","ping_status":"closed","sticky":false,"template":"","format":"standard","meta":{"fifu_image_url":"https:\/\/www.journalducameroun.com\/wp-content\/uploads\/2021\/06\/16241050822437.jpg","fifu_image_alt":"S\u00e9n\u00e9gal: Sonko et Macky \u00e0 la Une de la presse","footnotes":""},"categories":[73,82],"tags":[],"class_list":["post-118938","post","type-post","status-publish","format-standard","hentry","category-actualite","category-cameroun"],"_links":{"self":[{"href":"https:\/\/linitiative.ca\/International\/wp-json\/wp\/v2\/posts\/118938","targetHints":{"allow":["GET"]}}],"collection":[{"href":"https:\/\/linitiative.ca\/International\/wp-json\/wp\/v2\/posts"}],"about":[{"href":"https:\/\/linitiative.ca\/International\/wp-json\/wp\/v2\/types\/post"}],"author":[{"embeddable":true,"href":"https:\/\/linitiative.ca\/International\/wp-json\/wp\/v2\/users\/1965"}],"replies":[{"embeddable":true,"href":"https:\/\/linitiative.ca\/International\/wp-json\/wp\/v2\/comments?post=118938"}],"version-history":[{"count":0,"href":"https:\/\/linitiative.ca\/International\/wp-json\/wp\/v2\/posts\/118938\/revisions"}],"wp:attachment":[{"href":"https:\/\/linitiative.ca\/International\/wp-json\/wp\/v2\/media?parent=118938"}],"wp:term":[{"taxonomy":"category","embeddable":true,"href":"https:\/\/linitiative.ca\/International\/wp-json\/wp\/v2\/categories?post=118938"},{"taxonomy":"post_tag","embeddable":true,"href":"https:\/\/linitiative.ca\/International\/wp-json\/wp\/v2\/tags?post=118938"}],"curies":[{"name":"wp","href":"https:\/\/api.w.org\/{rel}","templated":true}]}}