{"id":118942,"date":"2021-06-19T10:18:03","date_gmt":"2021-06-19T14:18:03","guid":{"rendered":"https:\/\/linitiative.ca\/International\/le-maroc-appelle-a-asseoir-des-mecanismes-de-financement-agiles-previsibles-et-adaptes-aux-besoins-specifiques-des-pma\/"},"modified":"2021-06-19T10:18:03","modified_gmt":"2021-06-19T14:18:03","slug":"le-maroc-appelle-a-asseoir-des-mecanismes-de-financement-agiles-previsibles-et-adaptes-aux-besoins-specifiques-des-pma","status":"publish","type":"post","link":"https:\/\/linitiative.ca\/International\/le-maroc-appelle-a-asseoir-des-mecanismes-de-financement-agiles-previsibles-et-adaptes-aux-besoins-specifiques-des-pma\/","title":{"rendered":"Le Maroc appelle \u00e0 asseoir des m\u00e9canismes de financement agiles, pr\u00e9visibles et adapt\u00e9s aux besoins sp\u00e9cifiques des PMA"},"content":{"rendered":"<div>\n<p><img loading=\"lazy\" decoding=\"async\" width=\"318\" height=\"159\" src=\"https:\/\/linitiative.ca\/International\/wp-content\/uploads\/sites\/23\/2021\/06\/16241122833777.jpg\" class=\"attachment-post-thumbnail size-post-thumbnail wp-post-image\" alt=\"\" srcset=\"https:\/\/linitiative.ca\/International\/wp-content\/uploads\/sites\/23\/2021\/06\/16241122833777.jpg 318w, https:\/\/www.journalducameroun.com\/wp-content\/uploads\/2021\/06\/16241122833777-300x150.jpg 300w\" sizes=\"auto, (max-width: 318px) 100vw, 318px\"><\/p>\n<p>Le ministre marocain des Affaires \u00e9trang\u00e8res a appel\u00e9, vendredi, \u00e0 asseoir des m\u00e9canismes de financement agiles, pr\u00e9visibles et adapt\u00e9s aux besoins sp\u00e9cifiques des pays les moins avanc\u00e9s (PMA), pr\u00e9cisant que la relance \u00e9conomique en d\u00e9pend, d&rsquo;autant plus que la pand\u00e9mie a aggrav\u00e9 le spectre du surendettement dans de nombreux PMA.Intervenant lors du d\u00e9bat de Haut niveau de l&rsquo;Assembl\u00e9e g\u00e9n\u00e9rale des Nations Unies de l&rsquo;ECOSOC sur les PMA, le ministre a estim\u00e9 qu&rsquo;il est primordial d&rsquo;assurer aux pays sortant de la liste des PMA une transition s\u00fbre et sans heurts, soutenant que le reclassement ne donne malheureusement pas d&rsquo;assurance contre les vuln\u00e9rabilit\u00e9s \u2013 notamment exog\u00e8nes \u2013 qui peuvent heurter les \u00e9conomies des PMA.<\/p>\n<p>Il est, donc, essentiel de pr\u00e9voir des solutions innovantes et solidaires pour permettre \u00e0 ces pays d&rsquo;inscrire leur transition dans la dur\u00e9e, a-t-il insist\u00e9.<\/p>\n<p>Le ministre a, en outre, appelle la communaut\u00e9 internationale \u00e0 concevoir un paquet de mesures, cibl\u00e9es et sp\u00e9cifiques, autour de 4 priorit\u00e9s dont l&rsquo;urgence de garantir aux PMA un acc\u00e8s abordable et \u00e9quitable aux vaccins, afin que la relance \u00e9conomique post-Covid ne soit pas plus laborieuse qu&rsquo;elle ne l&rsquo;est d\u00e9j\u00e0.<\/p>\n<p>Parmi ces priorit\u00e9s, le ministre a cit\u00e9 aussi les Objectifs de D\u00e9veloppement Durable (ODD) qui devraient \u00eatre au centre de la coop\u00e9ration internationale, soulignant la n\u00e9cessit\u00e9 d&rsquo;aider les PMA \u00e0 renforcer leurs syst\u00e8mes de sant\u00e9 et \u00e0 promouvoir un d\u00e9veloppement durable et inclusif.<\/p>\n<p>Par ailleurs, il a not\u00e9 que la coop\u00e9ration solidaire du Maroc avec les PMA est structur\u00e9e par des conventions bilat\u00e9rales ou triangulaires dans divers domaines, telles que l&rsquo;agriculture, la p\u00eache, la sant\u00e9, l&rsquo;eau potable et l&rsquo;\u00e9nergie, expliquant qu&rsquo;elle se traduit par une coop\u00e9ration pratique et un partage de l&rsquo;expertise marocaine \u00e0 travers l&rsquo;assistance technique.<\/p>\n<p>Cette coop\u00e9ration est, en outre, port\u00e9e par plusieurs initiatives concr\u00e8tes, dont notamment l&rsquo;annulation de la dette de pays africains les moins avanc\u00e9s, l&rsquo;acc\u00e8s au march\u00e9 marocain des produits de certains PMA d&rsquo;Afrique sans droits de douane, l&rsquo;octroi de bourses d&rsquo;\u00e9tude, la r\u00e9alisation de projets d&rsquo;infrastructures notamment dans les secteurs de l&rsquo;\u00e9ducation, de la sant\u00e9 et de l&rsquo;eau et la mise en place d&rsquo;une politique migratoire ayant permis de r\u00e9gulariser la situation d&rsquo;environ 50.000 ressortissants de pays africains fr\u00e8res, depuis 2014, a poursuivi M. Bourita.<\/p>\n<p>Cette coop\u00e9ration solidaire se d\u00e9ploie, aussi, \u00e0 travers les initiatives r\u00e9gionales et internationales du Maroc en mati\u00e8re de changement climatique, a dit le ministre, citant \u00e0 titre d&rsquo;exemple l&rsquo;op\u00e9rationnalisation des trois Commissions sur le climat, lanc\u00e9es \u00e0 l&rsquo;occasion du Sommet africain de l&rsquo;action, organis\u00e9 par le Maroc en 2016, en marge de la COP-22 et l&rsquo;Initiative \u00ab\u00a0Triple A\u00a0\u00bb pour l&rsquo;Adaptation de l&rsquo;Agriculture Africaine.<\/p>\n<p>Il a aussi cit\u00e9 l&rsquo;Initiative \u00ab\u00a0Triple S\u00a0\u00bb pour promouvoir la Soutenabilit\u00e9, la Stabilit\u00e9 et la S\u00e9curit\u00e9 en Afrique et l&rsquo;Initiative d&rsquo;acc\u00e8s universel \u00e0 l&rsquo;\u00e9nergie durable et du Hub climatique pour la Jeunesse Africaine, lanc\u00e9s \u00e0 l&rsquo;occasion du Sommet de l&rsquo;action climat de 2019.<\/p>\n<p>C&rsquo;est avec cette vision plurielle, solidaire et dynamique que le Maroc \u0153uvre, inlassablement, pour mettre \u00e0 contribution son exp\u00e9rience et son savoir-faire pour la promotion de la coop\u00e9ration avec les PMA, a-t-il soulign\u00e9, assurant que le Royaume poursuivra son action \u00e0 travers un engagement \u00e0 rester dans la lign\u00e9e de la strat\u00e9gie de coop\u00e9ration et de partenariat avec les PMA, notamment dans le cadre du nouveau processus de Doha, qui promet une action solidaire et concr\u00e8te pour la r\u00e9alisation d&rsquo;un d\u00e9veloppement durable pour tous les pays les moins avanc\u00e9s.<\/p>\n<p>Cet article <a rel=\"nofollow\" href=\"https:\/\/www.journalducameroun.com\/le-maroc-appelle-a-asseoir-des-mecanismes-de-financement-agiles-previsibles-et-adaptes-aux-besoins-specifiques-des-pma\/\">Le Maroc appelle \u00e0 asseoir des m\u00e9canismes de financement agiles, pr\u00e9visibles et adapt\u00e9s aux besoins sp\u00e9cifiques des PMA<\/a> est apparu en premier sur <a rel=\"nofollow\" href=\"https:\/\/www.journalducameroun.com\/\">Journal du Cameroun<\/a>.<\/p>\n<\/div>\n<p>Auteur: APA News<br \/>\n<a href=\"https:\/\/www.journalducameroun.com\/le-maroc-appelle-a-asseoir-des-mecanismes-de-financement-agiles-previsibles-et-adaptes-aux-besoins-specifiques-des-pma\/\">Cliquez ici pour lire l&rsquo;article depuis sa source.<\/a><\/p>\n","protected":false},"excerpt":{"rendered":"<p>Le ministre marocain des Affaires \u00e9trang\u00e8res a appel\u00e9, vendredi, \u00e0 asseoir des m\u00e9canismes de financement agiles, pr\u00e9visibles et adapt\u00e9s aux besoins sp\u00e9cifiques des pays les moins avanc\u00e9s (PMA), pr\u00e9cisant que la relance \u00e9conomique en d\u00e9pend, d&rsquo;autant plus que la pand\u00e9mie a aggrav\u00e9 le spectre du surendettement dans de nombreux PMA.Intervenant lors du d\u00e9bat de Haut [&hellip;]<\/p>\n","protected":false},"author":1965,"featured_media":0,"comment_status":"closed","ping_status":"closed","sticky":false,"template":"","format":"standard","meta":{"fifu_image_url":"https:\/\/www.journalducameroun.com\/wp-content\/uploads\/2021\/06\/16241122833777.jpg","fifu_image_alt":"Le Maroc appelle \u00e0 asseoir des m\u00e9canismes de financement agiles, pr\u00e9visibles et adapt\u00e9s aux besoins sp\u00e9cifiques des PMA","footnotes":""},"categories":[73,82],"tags":[],"class_list":["post-118942","post","type-post","status-publish","format-standard","hentry","category-actualite","category-cameroun"],"_links":{"self":[{"href":"https:\/\/linitiative.ca\/International\/wp-json\/wp\/v2\/posts\/118942","targetHints":{"allow":["GET"]}}],"collection":[{"href":"https:\/\/linitiative.ca\/International\/wp-json\/wp\/v2\/posts"}],"about":[{"href":"https:\/\/linitiative.ca\/International\/wp-json\/wp\/v2\/types\/post"}],"author":[{"embeddable":true,"href":"https:\/\/linitiative.ca\/International\/wp-json\/wp\/v2\/users\/1965"}],"replies":[{"embeddable":true,"href":"https:\/\/linitiative.ca\/International\/wp-json\/wp\/v2\/comments?post=118942"}],"version-history":[{"count":0,"href":"https:\/\/linitiative.ca\/International\/wp-json\/wp\/v2\/posts\/118942\/revisions"}],"wp:attachment":[{"href":"https:\/\/linitiative.ca\/International\/wp-json\/wp\/v2\/media?parent=118942"}],"wp:term":[{"taxonomy":"category","embeddable":true,"href":"https:\/\/linitiative.ca\/International\/wp-json\/wp\/v2\/categories?post=118942"},{"taxonomy":"post_tag","embeddable":true,"href":"https:\/\/linitiative.ca\/International\/wp-json\/wp\/v2\/tags?post=118942"}],"curies":[{"name":"wp","href":"https:\/\/api.w.org\/{rel}","templated":true}]}}