{"id":118946,"date":"2021-06-19T14:18:03","date_gmt":"2021-06-19T18:18:03","guid":{"rendered":"https:\/\/linitiative.ca\/International\/cote-divoire-les-1eres-journees-economiques-de-san-pedro-souvrent-jeudi\/"},"modified":"2021-06-19T14:18:03","modified_gmt":"2021-06-19T18:18:03","slug":"cote-divoire-les-1eres-journees-economiques-de-san-pedro-souvrent-jeudi","status":"publish","type":"post","link":"https:\/\/linitiative.ca\/International\/cote-divoire-les-1eres-journees-economiques-de-san-pedro-souvrent-jeudi\/","title":{"rendered":"C\u00f4te d\u2019Ivoire: les 1\u00e8res journ\u00e9es \u00e9conomiques de San-Pedro s\u2019ouvrent jeudi"},"content":{"rendered":"<div>\n<p><img loading=\"lazy\" decoding=\"async\" width=\"512\" height=\"341\" src=\"https:\/\/linitiative.ca\/International\/wp-content\/uploads\/sites\/23\/2021\/06\/16241266838800.jpg\" class=\"attachment-post-thumbnail size-post-thumbnail wp-post-image\" alt=\"\" srcset=\"https:\/\/linitiative.ca\/International\/wp-content\/uploads\/sites\/23\/2021\/06\/16241266838800.jpg 512w, https:\/\/www.journalducameroun.com\/wp-content\/uploads\/2021\/06\/16241266838800-300x200.jpg 300w\" sizes=\"auto, (max-width: 512px) 100vw, 512px\"><\/p>\n<p>La premi\u00e8re \u00e9dition des Journ\u00e9es \u00e9conomiques de San-Pedro (Sud-Ouest) s&rsquo;ouvre le jeudi prochain sous le th\u00e8me : \u00abQuelle synergie entre l&rsquo;administration publique et le secteur priv\u00e9 pour la valorisation du potentiel \u00e9conomique local \u00bb.<\/p>\n<p>Organis\u00e9es par la Chambre de commerce et d&rsquo;industrie de C\u00f4te d&rsquo;Ivoire (CCI CI), en partenariat avec le Comit\u00e9 de concertation Etat secteur priv\u00e9 (CCESP), ces journ\u00e9es visent \u00e0 cr\u00e9er les meilleures conditions pour l&rsquo;\u00e9panouissement du secteur priv\u00e9 local et le d\u00e9veloppement \u00e9conomique et social de la r\u00e9gion.<\/p>\n<p>Ces journ\u00e9es sont plac\u00e9es sous le patronage \u00a0de M. Adama Coulibaly, ministre de l&rsquo;\u00e9conomie et des finances, Pr\u00e9sident du comit\u00e9 technique de concertation (CTC).<\/p>\n<p>Selon une note d&rsquo;information, en marge de ces journ\u00e9es pr\u00e9vues sur deux jours, se tiendra la premi\u00e8re r\u00e9union statutaire \u00a0du Comit\u00e9 local \u00a0de concertation \u00a0Etat \/secteur priv\u00e9 (CLCESP) de San-Pedro.<\/p>\n<p>Cette premi\u00e8re r\u00e9union statutaire, qui verra la participation des directeurs r\u00e9gionaux des administrations publiques et les repr\u00e9sentants des faiti\u00e8res du secteur priv\u00e9, \u00a0est une \u00e9tape importante dans la consolidation des bases de la plateforme locale du dialogue public priv\u00e9 et sera l&rsquo;occasion pour les parties prenantes de s&rsquo;accorder sur une feuille de route commune pour l&rsquo;animation des organes dudit Comit\u00e9.<\/p>\n<p>Par ailleurs, l&rsquo;\u00e9quipe du secr\u00e9tariat ex\u00e9cutif du CCESP aura des \u00ab Focus Group\u00bb avec les op\u00e9rateurs de l&rsquo;agro-industrie, et des audiences avec les autorit\u00e9s de San-P\u00e9dro, la deuxi\u00e8me ville portuaire ivoirienne.<\/p>\n<p>Le processus de d\u00e9ploiement de la plateforme locale de concertation Etat-secteur priv\u00e9 \u00a0de San-Pedro a d\u00e9marr\u00e9 en 2019 avec les premi\u00e8res missions du secr\u00e9tariat ex\u00e9cutif du Comit\u00e9 de concertation Etat- secteur priv\u00e9, qui ont abouti \u00e0 la validation d&rsquo;un cadre op\u00e9rationnel.<\/p>\n<p>Cette mission de consolidation des acquis du CLCESP de San-P\u00e9dro se fera avec l&rsquo;appui \u00a0du Projet d&rsquo;Infrastructures pour le d\u00e9veloppement \u00a0urbain et la comp\u00e9titivit\u00e9 des agglom\u00e9rations secondaires (PIDUCAS).<\/p>\n<p>\u00a0Initi\u00e9 en juin 2017 avec \u00a0un financement conjoint de la Banque Mondiale et de l&rsquo;Etat de C\u00f4te d&rsquo;Ivoire, le PIDUCAS vise \u00e0 \u00a0cr\u00e9er des conditions de comp\u00e9titivit\u00e9 dans les villes secondaires cibl\u00e9es, notamment Bouak\u00e9 et San-P\u00e9dro \u00a0pour les d\u00e9velopper et les rendre plus attrayantes afin de soutenir les investissements, la croissance et r\u00e9duire la pauvret\u00e9 dans le pays.<\/p>\n<p>Cet article <a rel=\"nofollow\" href=\"https:\/\/www.journalducameroun.com\/cote-divoire-les-1eres-journees-economiques-de-san-pedro-souvrent-jeudi\/\">C\u00f4te d\u2019Ivoire: les 1\u00e8res journ\u00e9es \u00e9conomiques de San-Pedro s\u2019ouvrent jeudi<\/a> est apparu en premier sur <a rel=\"nofollow\" href=\"https:\/\/www.journalducameroun.com\/\">Journal du Cameroun<\/a>.<\/p>\n<\/div>\n<p>Auteur: APA News<br \/>\n<a href=\"https:\/\/www.journalducameroun.com\/cote-divoire-les-1eres-journees-economiques-de-san-pedro-souvrent-jeudi\/\">Cliquez ici pour lire l&rsquo;article depuis sa source.<\/a><\/p>\n","protected":false},"excerpt":{"rendered":"<p>La premi\u00e8re \u00e9dition des Journ\u00e9es \u00e9conomiques de San-Pedro (Sud-Ouest) s&rsquo;ouvre le jeudi prochain sous le th\u00e8me : \u00abQuelle synergie entre l&rsquo;administration publique et le secteur priv\u00e9 pour la valorisation du potentiel \u00e9conomique local \u00bb. Organis\u00e9es par la Chambre de commerce et d&rsquo;industrie de C\u00f4te d&rsquo;Ivoire (CCI CI), en partenariat avec le Comit\u00e9 de concertation Etat [&hellip;]<\/p>\n","protected":false},"author":1965,"featured_media":0,"comment_status":"closed","ping_status":"closed","sticky":false,"template":"","format":"standard","meta":{"fifu_image_url":"https:\/\/www.journalducameroun.com\/wp-content\/uploads\/2021\/06\/16241266838800.jpg","fifu_image_alt":"C\u00f4te d\u2019Ivoire: les 1\u00e8res journ\u00e9es \u00e9conomiques de San-Pedro s\u2019ouvrent jeudi","footnotes":""},"categories":[73,82],"tags":[],"class_list":["post-118946","post","type-post","status-publish","format-standard","hentry","category-actualite","category-cameroun"],"_links":{"self":[{"href":"https:\/\/linitiative.ca\/International\/wp-json\/wp\/v2\/posts\/118946","targetHints":{"allow":["GET"]}}],"collection":[{"href":"https:\/\/linitiative.ca\/International\/wp-json\/wp\/v2\/posts"}],"about":[{"href":"https:\/\/linitiative.ca\/International\/wp-json\/wp\/v2\/types\/post"}],"author":[{"embeddable":true,"href":"https:\/\/linitiative.ca\/International\/wp-json\/wp\/v2\/users\/1965"}],"replies":[{"embeddable":true,"href":"https:\/\/linitiative.ca\/International\/wp-json\/wp\/v2\/comments?post=118946"}],"version-history":[{"count":0,"href":"https:\/\/linitiative.ca\/International\/wp-json\/wp\/v2\/posts\/118946\/revisions"}],"wp:attachment":[{"href":"https:\/\/linitiative.ca\/International\/wp-json\/wp\/v2\/media?parent=118946"}],"wp:term":[{"taxonomy":"category","embeddable":true,"href":"https:\/\/linitiative.ca\/International\/wp-json\/wp\/v2\/categories?post=118946"},{"taxonomy":"post_tag","embeddable":true,"href":"https:\/\/linitiative.ca\/International\/wp-json\/wp\/v2\/tags?post=118946"}],"curies":[{"name":"wp","href":"https:\/\/api.w.org\/{rel}","templated":true}]}}