{"id":118949,"date":"2021-06-19T11:40:52","date_gmt":"2021-06-19T15:40:52","guid":{"rendered":"https:\/\/linitiative.ca\/International\/lutte-contre-la-covid-19-le-gouvernement-intensifie-la-sensibilisation-sur-la-vaccination\/"},"modified":"2021-06-19T11:40:52","modified_gmt":"2021-06-19T15:40:52","slug":"lutte-contre-la-covid-19-le-gouvernement-intensifie-la-sensibilisation-sur-la-vaccination","status":"publish","type":"post","link":"https:\/\/linitiative.ca\/International\/lutte-contre-la-covid-19-le-gouvernement-intensifie-la-sensibilisation-sur-la-vaccination\/","title":{"rendered":"Lutte contre la covid-19 : le gouvernement intensifie la sensibilisation sur la vaccination"},"content":{"rendered":"<div>\n<p>Si la courbe de contamination au coronavirus est baisse depuis quelques temps, les autorit\u00e9s redoutent la survenue d\u2019une troisi\u00e8me vague. C\u2019est pour se faire, que sera organis\u00e9e une campagne de sensibilisation \u00e0 la vaccination. \u00ab\u00a0Le ministre de la Sant\u00e9 publique informe les populations qu\u2019il sera organis\u00e9 du 7 au 11 juillet 2021 une campagne nationale d\u2019intensification de la vaccination contre le Covid-19 sur toute l\u2019\u00e9tendue du territoire national\u00a0\u00bb, fait savoir le ministre de la Sant\u00e9 publique (Minsant\u00e9), Manaouda Malachie dans un communiqu\u00e9 sign\u00e9 le 16 juin 2021.<\/p>\n<p><strong>Lire aussi<\/strong> : <strong><a href=\"https:\/\/ecomatin.net\/vaccination-covid19-niat-njifenji-demande-au-gouvernementt-dintensifier-sa-communication\/\">Vaccination-Covid19 : Niat Njifenji demande au gouvernement d\u2019intensifier sa communication<\/a><\/strong><\/p>\n<p>Les d\u00e9tails sur son d\u00e9ploiement font \u00e9tat de ce que \u00abcette campagne de vaccination concerne toute personne \u00e2g\u00e9e de 18 ans et plus. La vaccination sera offerte dans les formations sanitaires ou par les \u00e9quipes mobiles, dans les communaut\u00e9s y compris en porte \u00e0 porte, les lieux de rassemblement comme les march\u00e9s, les lieux de culte, les entreprises et les administrations publiques\u00a0\u00bb, indique le Minsant\u00e9.<\/p>\n<p>Cette d\u00e9cision prise par Manaouda Malachie rentre en droite ligne de la recommandation faite par le pr\u00e9sident du Senat Marcel Niat Njifenji, dans son discours d\u2019ouverture des travaux de la session parlementaire du mois de juin 2021, \u00e0 la chambre haute du parlement. \u00ab\u2026je voudrais inviter le gouvernement \u00e0 intensifier et \u00e0 multiplier les op\u00e9rations de communication afin de vaincre ces r\u00e9sistances et susciter plus d\u2019int\u00e9r\u00eat\u00a0\u00a0pour cette campagne de vaccination dont l\u2019int\u00e9r\u00eat n\u2019est plus \u00e0 d\u00e9montrer\u00a0\u00bb, indiquait Marcel Niat Njifenji.<\/p>\n<p><strong>Lire aussi<\/strong> : <strong><a href=\"https:\/\/ecomatin.net\/lutte-contre-la-covid-19-le-gouvernement-deploie-son-plan-de-vaccination\/\">Lutte contre la Covid-19 : le gouvernement d\u00e9ploie son plan de vaccination<\/a><\/strong><\/p>\n<p>Selon les donn\u00e9es actualis\u00e9es sur l\u2019\u00e9volution de la pand\u00e9mie sur l\u2019ensemble du territoire nationale\u00a0\u00a0au 11 juin 2021, on d\u00e9nombre 80\u00a0090 cas confirm\u00e9s\u00a0; 77\u00a0305 cas de gu\u00e9rissons\u00a0; 1\u00a0310 cas et 1\u00a0475 cas actifs.<\/p>\n<p>L\u2019article <a rel=\"nofollow\" href=\"https:\/\/ecomatin.net\/lutte-contree-la-covid-19-le-gouvernement-intensifie-la-sensibilisation-sur-la-vaccination\/\">Lutte contre la covid-19 : le gouvernement intensifie la sensibilisation sur la vaccination<\/a> est apparu en premier sur <a rel=\"nofollow\" href=\"https:\/\/ecomatin.net\/\">EcoMatin<\/a>.<\/p>\n<\/div>\n<p>Auteur: Cindy MBALA<br \/>\n<a href=\"https:\/\/ecomatin.net\/lutte-contree-la-covid-19-le-gouvernement-intensifie-la-sensibilisation-sur-la-vaccination\/\">Cliquez ici pour lire l&rsquo;article depuis sa source.<\/a><\/p>\n","protected":false},"excerpt":{"rendered":"<p>Si la courbe de contamination au coronavirus est baisse depuis quelques temps, les autorit\u00e9s redoutent la survenue d\u2019une troisi\u00e8me vague. C\u2019est pour se faire, que sera organis\u00e9e une campagne de sensibilisation \u00e0 la vaccination. \u00ab\u00a0Le ministre de la Sant\u00e9 publique informe les populations qu\u2019il sera organis\u00e9 du 7 au 11 juillet 2021 une campagne nationale [&hellip;]<\/p>\n","protected":false},"author":1969,"featured_media":0,"comment_status":"closed","ping_status":"closed","sticky":false,"template":"","format":"standard","meta":{"fifu_image_url":"","fifu_image_alt":"","footnotes":""},"categories":[82,78],"tags":[],"class_list":["post-118949","post","type-post","status-publish","format-standard","hentry","category-cameroun","category-economie"],"_links":{"self":[{"href":"https:\/\/linitiative.ca\/International\/wp-json\/wp\/v2\/posts\/118949","targetHints":{"allow":["GET"]}}],"collection":[{"href":"https:\/\/linitiative.ca\/International\/wp-json\/wp\/v2\/posts"}],"about":[{"href":"https:\/\/linitiative.ca\/International\/wp-json\/wp\/v2\/types\/post"}],"author":[{"embeddable":true,"href":"https:\/\/linitiative.ca\/International\/wp-json\/wp\/v2\/users\/1969"}],"replies":[{"embeddable":true,"href":"https:\/\/linitiative.ca\/International\/wp-json\/wp\/v2\/comments?post=118949"}],"version-history":[{"count":0,"href":"https:\/\/linitiative.ca\/International\/wp-json\/wp\/v2\/posts\/118949\/revisions"}],"wp:attachment":[{"href":"https:\/\/linitiative.ca\/International\/wp-json\/wp\/v2\/media?parent=118949"}],"wp:term":[{"taxonomy":"category","embeddable":true,"href":"https:\/\/linitiative.ca\/International\/wp-json\/wp\/v2\/categories?post=118949"},{"taxonomy":"post_tag","embeddable":true,"href":"https:\/\/linitiative.ca\/International\/wp-json\/wp\/v2\/tags?post=118949"}],"curies":[{"name":"wp","href":"https:\/\/api.w.org\/{rel}","templated":true}]}}