{"id":118953,"date":"2021-06-20T07:30:33","date_gmt":"2021-06-20T11:30:33","guid":{"rendered":"https:\/\/linitiative.ca\/International\/les-actions-de-lydec-pour-lenvironnement\/"},"modified":"2021-06-20T07:30:33","modified_gmt":"2021-06-20T11:30:33","slug":"les-actions-de-lydec-pour-lenvironnement","status":"publish","type":"post","link":"https:\/\/linitiative.ca\/International\/les-actions-de-lydec-pour-lenvironnement\/","title":{"rendered":"Les actions de Lydec pour l\u2019environnement"},"content":{"rendered":"<div>\n<p><img decoding=\"async\" width=\"300\" height=\"153\" src=\"https:\/\/linitiative.ca\/International\/wp-content\/uploads\/sites\/23\/2021\/06\/Lydec-Step-de-Mediouna-300x153-1.jpg\" class=\"attachment-medium size-medium wp-post-image\" alt=\"\" loading=\"lazy\" srcset=\"\/\/aujourdhui.ma\/wp-content\/uploads\/2021\/06\/Lydec-Step-de-Mediouna-300x153.jpg 300w, \/\/aujourdhui.ma\/wp-content\/uploads\/2021\/06\/Lydec-Step-de-Mediouna-274x140.jpg 274w, \/\/aujourdhui.ma\/wp-content\/uploads\/2021\/06\/Lydec-Step-de-Mediouna.jpg 746w, \/\/aujourdhui.ma\/wp-content\/uploads\/2021\/06\/Lydec-Step-de-Mediouna-165x84.jpg 165w, \/\/aujourdhui.ma\/wp-content\/uploads\/2021\/06\/Lydec-Step-de-Mediouna-702x358.jpg 702w\" sizes=\"auto, (max-width: 300px) 100vw, 300px\"><\/p>\n<p><span style=\"color: #800000;\"><strong>Optimisation d\u2019\u00e9nergie, projets innovants, sensibilisation\u2026<\/strong> <\/span><span id=\"more-379461\"><\/span><\/p>\n<p>La contribution de Lydec en faveur de l\u2019environnement ne date pas d\u2019aujourd\u2019hui. En effet, l\u2019entreprise positionne les enjeux environnementaux au c\u0153ur de sa strat\u00e9gie depuis le d\u00e9marrage de ses activit\u00e9s en 1997. D\u2019ailleurs, la Feuille de route d\u00e9veloppement durable 2030 (FRDD 2030) de l\u2019entreprise est adoss\u00e9e \u00e0 des r\u00e9f\u00e9rentiels nationaux et internationaux (ODD, SNDD) et tient compte des objectifs des visions territoriales.<\/p>\n<p><span style=\"color: #ff0000;\"><strong>Performances <\/strong><\/span><br \/>\nLa performance environnementale est au centre de la strat\u00e9gie de Lydec. Cela se traduit par la mise en place d\u2019un syst\u00e8me de management environnemental (SME) et par la certification ISO 14001, \u00e0 date, de ses stations de pr\u00e9traitement des eaux us\u00e9es El Hank et Eauc\u00e9an, sa station d\u2019\u00e9puration des eaux us\u00e9es (Step) de M\u00e9diouna, et ses postes sources \u00e9lectriques de Dar Bouazza, Sidi Othmane et Abb\u00e9 de l\u2019Ep\u00e9e. En 2019, Lydec est \u00e9galement \u00abdevenue la premi\u00e8re entreprise au niveau national \u00e0 \u00eatre certifi\u00e9e selon la norme ISO 50001 version 2018 pour son Syst\u00e8me de management de l\u2019\u00e9nergie (SMEn) et la performance \u00e9nerg\u00e9tique de son activit\u00e9 \u00e9clairage public\u00bb, indique l\u2019entreprise ajoutant par ailleurs qu\u2019elle conforte son engagement vers l\u2019efficacit\u00e9 \u00e9nerg\u00e9tique en d\u00e9ployant progressivement l\u2019une des orientations du Sch\u00e9ma directeur d\u2019am\u00e9nagement lumi\u00e8re (SDAL) de Casablanca, \u00e0 savoir la g\u00e9n\u00e9ralisation de la technologie LED. Notons que l\u2019extension du p\u00e9rim\u00e8tre du SMEn de Lydec est en cours (2020-2021) pour int\u00e9grer l\u2019ensemble des sites et ouvrages de Lydec conform\u00e9ment aux exigences de la norme ISO 50001 version 2018.<\/p>\n<p><span style=\"color: #ff0000;\"><strong>Efficience \u00e9nerg\u00e9tique et traitement des eaux us\u00e9es<\/strong><\/span><br \/>\nDans sa strat\u00e9gie, Lydec travaille sur l\u2019am\u00e9lioration continue de sa performance \u00e9nerg\u00e9tique. Elle favorise l\u2019achat et la conception de produits et services \u00e9conomes en \u00e9nergie. Mieux encore, le d\u00e9l\u00e9gataire casablancais lutte au quotidien contre les pertes d\u2019\u00e9nergie et les fuites d\u2019eau potable sur ses r\u00e9seaux de distribution par leur renouvellement, leur maintenance, leur renforcement et l\u2019am\u00e9lioration de leur performance, en particulier \u00e0 travers la mobilisation des \u00e9quipes terrain et la mise en place de syst\u00e8mes intelligents de suivi des donn\u00e9es, de recherche de fuites. \u00abS\u2019il est essentiel de minimiser la perte de l\u2019eau potable, il est \u00e9galement crucial de pouvoir traiter les eaux us\u00e9es afin d\u2019\u00e9viter le rejet de polluants dans l\u2019environnement naturel. Lydec mobilise ainsi ses collaborateurs pour s\u2019assurer que ses sites soient \u00e0 m\u00eame de traiter les eaux efficacement tout en \u00e9vitant de d\u00e9verser des rejets et d\u00e9chets dans l\u2019environnement\u00bb, argumente l\u2019entreprise expliquant que cela vaut pour les Step de M\u00e9diouna et Nouaceur, et les stations de pr\u00e9traitement El Hank et Eauc\u00e9an.<\/p>\n<p><span style=\"color: #ff0000;\"><strong>D\u00e9veloppement de solutions innovantes<\/strong><\/span><br \/>\nLes \u00e9quipes de Lydec ont mis en place des solutions innovantes \u00e0 l\u2019exemple de la micro-station d\u2019\u00e9puration qui permet de traiter les eaux us\u00e9es dans les zones d\u00e9pourvues d\u2019infrastructures d\u2019assainissement gr\u00e2ce \u00e0 un proc\u00e9d\u00e9 \u00e0 \u00abboue activ\u00e9e\u00bb, et dont les eaux trait\u00e9es sont r\u00e9utilis\u00e9es pour l\u2019arrosage des espaces verts. On compte \u00e9galement dans cette m\u00eame veine la mise en place du \u00abgrappin hydraulique\u00bb. Il s\u2019agit d\u2019un appareil hydrom\u00e9canique qui permet d\u2019extraire les d\u00e9chets du fond des b\u00e2ches au niveau des stations d\u2019assainissement (curage) sans les arr\u00eater, \u00e9vitant ainsi le rejet des eaux us\u00e9es en milieu naturel.<\/p>\n<p><strong><span style=\"color: #ff0000;\">Lutte contre les inondations<\/span><\/strong><br \/>\nEn mati\u00e8re de lutte contre les inondations, l\u2019entreprise a poursuivi son plan d\u2019actions en 2020 via l\u2019installation de cellules \u00e9tanches dans 25 postes de distribution publique et dans les nouveaux postes grands clients, afin de ma\u00eetriser le risque de coupure en cas de fortes pluies. \u00abConcernant la qualit\u00e9 de ses chantiers, Lydec se fixe un niveau \u00e9lev\u00e9 d\u2019exigence afin d\u2019en limiter l\u2019impact environnemental. L\u2019entreprise met notamment en place des formations pour ses agents de terrain afin de diminuer le risque d\u2019accidents pouvant engendrer un impact sur l\u2019environnement. Une charte \u00abchantier vert\u00bb visant \u00e0 promouvoir les bonnes pratiques est \u00e9galement actualis\u00e9e chaque ann\u00e9e, et les chantiers sont r\u00e9guli\u00e8rement inspect\u00e9s pour v\u00e9rifier que les bonnes pratiques sont bien respect\u00e9es\u00bb, souligne la m\u00eame source.<\/p>\n<div class=\"base-box mom_box_sc_custom mom_box_sc clear\" style=\"-moz-border-radius: 5px; border-radius: 5px;background-color:#fddeef;\">\n<p><span style=\"color: #ff0000;\"><strong>Sensibilisation au d\u00e9veloppement durable<\/strong><\/span><\/p>\n<p>La Fondation Lydec a \u00e9labor\u00e9 depuis 2015 plusieurs initiatives en faveur de l\u2019environnement et du d\u00e9veloppement durable. En partenariat avec l\u2019Association des enseignants des sciences de la vie et de la terre (AESVT), les projets 3 E et 4 E du Grand Casablanca sur \u00abl\u2019Education \u00e0 l\u2019environnement, par l\u2019environnement, pour l\u2019environnement\u00bb ont \u00e9t\u00e9 d\u00e9velopp\u00e9s pour promouvoir des programmes d\u2019\u00e9ducation au d\u00e9veloppement durable et d\u2019\u00e9cocitoyennet\u00e9 active au quotidien sur le territoire. Cela englobe des actions de sensibilisation et d\u2019\u00e9ducation \u00e0 l\u2019environnement au niveau des deux Centres d\u2019\u00e9ducation \u00e0 l\u2019environnement (CEE) de Casablanca et Mohammedia et des \u00e9tablissements scolaires du Grand Casablanca. Plus de 67.000 jeunes ont d\u00e9j\u00e0 \u00e9t\u00e9 sensibilis\u00e9s au niveau des deux CEE. En partenariat avec l\u2019Association recherche-action pour le d\u00e9veloppement durable (ARADD), la Fondation Lydec a am\u00e9nag\u00e9 un espace exp\u00e9rimental d\u2019agriculture urbaine de 1.600 m\u00b2 regroupant plus de 80 esp\u00e8ces v\u00e9g\u00e9tales irrigu\u00e9es par les eaux us\u00e9es \u00e9pur\u00e9es de la Step de M\u00e9diouna. \u00abL\u2019espace propose 7 zones de cultures, une p\u00e9pini\u00e8re, une zone de biodiversit\u00e9 et un espace de compostage. L\u2019espace constitue un lieu de sensibilisation en faveur de la protection de l\u2019environnement, du d\u00e9veloppement de l\u2019\u00e9conomie circulaire et de l\u2019adaptation aux effets du changement climatique (ex. stress hydrique), aupr\u00e8s de nombreuses parties prenantes : \u00e9tudiants, riverains, associations, etc. Depuis son ouverture, il a accueilli pr\u00e8s de 2.300 visiteurs\u00bb, rel\u00e8ve la Fondation.<\/p>\n<\/div>\n<div class=\"base-box mom_box_sc_custom mom_box_sc clear\" style=\"-moz-border-radius: 5px; border-radius: 5px;background-color:#eeedeb;\">\n<p><span style=\"color: #ff0000;\"><strong>Protection de l\u2019\u00e9tang El Oulfa<\/strong><\/span><\/p>\n<p>Parmi les actions men\u00e9es par Lydec, on compte un programme d\u2019intervention renforc\u00e9 mis en place en 2020 pour l\u2019entretien et la pr\u00e9servation de l\u2019\u00e9tang El Oulfa. Situ\u00e9 dans le quartier Al Firdaous \u00e0 Casablanca, le site de l\u2019ex-carri\u00e8re \u00abSchneider\u00bb est l\u2019un des rares lacs urbains du Royaume. Il s\u2019\u00e9tale sur une superficie globale de 9 hectares. \u00abCet espace rec\u00e8le en effet une riche faune et flore, en particulier une biodiversit\u00e9 avifaune : une vingtaine d\u2019esp\u00e8ces d\u2019oiseaux migrateurs et s\u00e9dentaires y vit, dont le Fuligule Nyroca. Il est aliment\u00e9 en eau par la nappe phr\u00e9atique et les eaux pluviales\u00bb.<\/p>\n<\/div>\n<\/div>\n<p>Auteur: Ouchagour Leila<br \/>\n<a href=\"https:\/\/aujourdhui.ma\/economie\/les-actions-de-lydec-pour-lenvironnement\">Cliquez ici pour lire l&rsquo;article depuis sa source.<\/a><\/p>\n","protected":false},"excerpt":{"rendered":"<p>Optimisation d\u2019\u00e9nergie, projets innovants, sensibilisation\u2026 La contribution de Lydec en faveur de l\u2019environnement ne date pas d\u2019aujourd\u2019hui. En effet, l\u2019entreprise positionne les enjeux environnementaux au c\u0153ur de sa strat\u00e9gie depuis le d\u00e9marrage de ses activit\u00e9s en 1997. D\u2019ailleurs, la Feuille de route d\u00e9veloppement durable 2030 (FRDD 2030) de l\u2019entreprise est adoss\u00e9e \u00e0 des r\u00e9f\u00e9rentiels nationaux [&hellip;]<\/p>\n","protected":false},"author":1759,"featured_media":0,"comment_status":"closed","ping_status":"closed","sticky":false,"template":"","format":"standard","meta":{"fifu_image_url":"https:\/\/aujourdhui.ma\/wp-content\/uploads\/2021\/06\/Lydec-Step-de-Mediouna-300x153.jpg","fifu_image_alt":"Les actions de Lydec pour l\u2019environnement","footnotes":""},"categories":[73,54],"tags":[],"class_list":["post-118953","post","type-post","status-publish","format-standard","hentry","category-actualite","category-maroc"],"_links":{"self":[{"href":"https:\/\/linitiative.ca\/International\/wp-json\/wp\/v2\/posts\/118953","targetHints":{"allow":["GET"]}}],"collection":[{"href":"https:\/\/linitiative.ca\/International\/wp-json\/wp\/v2\/posts"}],"about":[{"href":"https:\/\/linitiative.ca\/International\/wp-json\/wp\/v2\/types\/post"}],"author":[{"embeddable":true,"href":"https:\/\/linitiative.ca\/International\/wp-json\/wp\/v2\/users\/1759"}],"replies":[{"embeddable":true,"href":"https:\/\/linitiative.ca\/International\/wp-json\/wp\/v2\/comments?post=118953"}],"version-history":[{"count":0,"href":"https:\/\/linitiative.ca\/International\/wp-json\/wp\/v2\/posts\/118953\/revisions"}],"wp:attachment":[{"href":"https:\/\/linitiative.ca\/International\/wp-json\/wp\/v2\/media?parent=118953"}],"wp:term":[{"taxonomy":"category","embeddable":true,"href":"https:\/\/linitiative.ca\/International\/wp-json\/wp\/v2\/categories?post=118953"},{"taxonomy":"post_tag","embeddable":true,"href":"https:\/\/linitiative.ca\/International\/wp-json\/wp\/v2\/tags?post=118953"}],"curies":[{"name":"wp","href":"https:\/\/api.w.org\/{rel}","templated":true}]}}