{"id":118959,"date":"2021-06-20T11:06:29","date_gmt":"2021-06-20T15:06:29","guid":{"rendered":"https:\/\/linitiative.ca\/International\/covid-19-maroc-la-situation-epidemiologique-au-20-juin-2021-a-16h00\/"},"modified":"2021-06-20T11:06:29","modified_gmt":"2021-06-20T15:06:29","slug":"covid-19-maroc-la-situation-epidemiologique-au-20-juin-2021-a-16h00","status":"publish","type":"post","link":"https:\/\/linitiative.ca\/International\/covid-19-maroc-la-situation-epidemiologique-au-20-juin-2021-a-16h00\/","title":{"rendered":"Covid-19 \/ Maroc : La situation \u00e9pid\u00e9miologique au 20 juin 2021 \u00e0 16H00"},"content":{"rendered":"<div>\n<p><img decoding=\"async\" width=\"300\" height=\"153\" src=\"https:\/\/linitiative.ca\/International\/wp-content\/uploads\/sites\/23\/2021\/06\/maroc-covid-vaccin-300x153-1.jpg\" class=\"attachment-medium size-medium wp-post-image\" alt=\"\" loading=\"lazy\" srcset=\"\/\/aujourdhui.ma\/wp-content\/uploads\/2021\/02\/maroc-covid-vaccin-300x153.jpg 300w, \/\/aujourdhui.ma\/wp-content\/uploads\/2021\/02\/maroc-covid-vaccin-274x140.jpg 274w, \/\/aujourdhui.ma\/wp-content\/uploads\/2021\/02\/maroc-covid-vaccin.jpg 746w, \/\/aujourdhui.ma\/wp-content\/uploads\/2021\/02\/maroc-covid-vaccin-165x84.jpg 165w, \/\/aujourdhui.ma\/wp-content\/uploads\/2021\/02\/maroc-covid-vaccin-702x358.jpg 702w\" sizes=\"auto, (max-width: 300px) 100vw, 300px\"><\/p>\n<p><span style=\"color: #800000;\"><span style=\"font-size: 24px;\"><strong>Entre hier \u00e0 16H00 et aujourd\u2019hui \u00e0 16H00<\/strong><\/span><span id=\"more-374899\"><\/span><span id=\"more-375226\"><\/span><span id=\"more-376292\"><\/span><span id=\"more-376389\"><\/span><span id=\"more-377832\"><\/span><span id=\"more-379555\"><\/span><span style=\"color: #000000;\">288<\/span>\u00a0<\/span> nouveaux cas soit un cumul de 526.651 cas \u00e0 ce jour.<br \/>\n299 gu\u00e9risons soit un cumul de 513.681 \u00e0 ce jour.<br \/>\n1 nouveau d\u00e9c\u00e8s donc un cumul de 9.238 \u00e0 ce jour.<\/p>\n<p><strong><span style=\"color: #ff0000;\">Nombre de personnes vaccin\u00e9es au 20 juin 16H00<\/span><\/strong><br \/>\n<strong>1\u00e8re dose<\/strong><br \/>\n<span style=\"color: #ff0000;\"><strong>9.375.240<\/strong><\/span><br \/>\n<strong>2\u00e8me dose<\/strong><br \/>\n<span style=\"color: #ff0000;\"><strong>8.118.841<\/strong><\/span><\/p>\n<p><a href=\"https:\/\/aujourdhui.ma\/wp-content\/uploads\/2021\/06\/Coronavirus-20062021_Page_1.jpg\"><img decoding=\"async\" loading=\"lazy\" class=\"alignnone size-large wp-image-379564\" src=\"https:\/\/linitiative.ca\/International\/wp-content\/uploads\/sites\/23\/2021\/06\/Coronavirus-20062021_Page_1-724x1024-1.jpg\" alt=\"\" width=\"724\" height=\"1024\" srcset=\"\/\/aujourdhui.ma\/wp-content\/uploads\/2021\/06\/Coronavirus-20062021_Page_1-724x1024.jpg 724w, \/\/aujourdhui.ma\/wp-content\/uploads\/2021\/06\/Coronavirus-20062021_Page_1-212x300.jpg 212w, \/\/aujourdhui.ma\/wp-content\/uploads\/2021\/06\/Coronavirus-20062021_Page_1-768x1086.jpg 768w, \/\/aujourdhui.ma\/wp-content\/uploads\/2021\/06\/Coronavirus-20062021_Page_1-1086x1536.jpg 1086w, \/\/aujourdhui.ma\/wp-content\/uploads\/2021\/06\/Coronavirus-20062021_Page_1-1448x2048.jpg 1448w, \/\/aujourdhui.ma\/wp-content\/uploads\/2021\/06\/Coronavirus-20062021_Page_1.jpg 1654w\" sizes=\"auto, (max-width: 724px) 100vw, 724px\"><\/a> <a href=\"https:\/\/aujourdhui.ma\/wp-content\/uploads\/2021\/06\/Coronavirus-20062021_Page_2.jpg\"><img decoding=\"async\" loading=\"lazy\" class=\"alignnone size-large wp-image-379565\" src=\"https:\/\/linitiative.ca\/International\/wp-content\/uploads\/sites\/23\/2021\/06\/Coronavirus-20062021_Page_2-724x1024-1.jpg\" alt=\"\" width=\"724\" height=\"1024\" srcset=\"\/\/aujourdhui.ma\/wp-content\/uploads\/2021\/06\/Coronavirus-20062021_Page_2-724x1024.jpg 724w, \/\/aujourdhui.ma\/wp-content\/uploads\/2021\/06\/Coronavirus-20062021_Page_2-212x300.jpg 212w, \/\/aujourdhui.ma\/wp-content\/uploads\/2021\/06\/Coronavirus-20062021_Page_2-768x1086.jpg 768w, \/\/aujourdhui.ma\/wp-content\/uploads\/2021\/06\/Coronavirus-20062021_Page_2-1086x1536.jpg 1086w, \/\/aujourdhui.ma\/wp-content\/uploads\/2021\/06\/Coronavirus-20062021_Page_2-1448x2048.jpg 1448w, \/\/aujourdhui.ma\/wp-content\/uploads\/2021\/06\/Coronavirus-20062021_Page_2.jpg 1654w\" sizes=\"auto, (max-width: 724px) 100vw, 724px\"><\/a> <a href=\"https:\/\/aujourdhui.ma\/wp-content\/uploads\/2021\/06\/Coronavirus-20062021_Page_3.jpg\"><img decoding=\"async\" loading=\"lazy\" class=\"alignnone size-large wp-image-379566\" src=\"https:\/\/linitiative.ca\/International\/wp-content\/uploads\/sites\/23\/2021\/06\/Coronavirus-20062021_Page_3-724x1024-1.jpg\" alt=\"\" width=\"724\" height=\"1024\" srcset=\"\/\/aujourdhui.ma\/wp-content\/uploads\/2021\/06\/Coronavirus-20062021_Page_3-724x1024.jpg 724w, \/\/aujourdhui.ma\/wp-content\/uploads\/2021\/06\/Coronavirus-20062021_Page_3-212x300.jpg 212w, \/\/aujourdhui.ma\/wp-content\/uploads\/2021\/06\/Coronavirus-20062021_Page_3-768x1086.jpg 768w, \/\/aujourdhui.ma\/wp-content\/uploads\/2021\/06\/Coronavirus-20062021_Page_3-1086x1536.jpg 1086w, \/\/aujourdhui.ma\/wp-content\/uploads\/2021\/06\/Coronavirus-20062021_Page_3-1448x2048.jpg 1448w, \/\/aujourdhui.ma\/wp-content\/uploads\/2021\/06\/Coronavirus-20062021_Page_3.jpg 1654w\" sizes=\"auto, (max-width: 724px) 100vw, 724px\"><\/a> <a href=\"https:\/\/aujourdhui.ma\/wp-content\/uploads\/2021\/06\/Coronavirus-20062021_Page_4.jpg\"><img decoding=\"async\" loading=\"lazy\" class=\"alignnone size-large wp-image-379567\" src=\"https:\/\/linitiative.ca\/International\/wp-content\/uploads\/sites\/23\/2021\/06\/Coronavirus-20062021_Page_4-724x1024-1.jpg\" alt=\"\" width=\"724\" height=\"1024\" srcset=\"\/\/aujourdhui.ma\/wp-content\/uploads\/2021\/06\/Coronavirus-20062021_Page_4-724x1024.jpg 724w, \/\/aujourdhui.ma\/wp-content\/uploads\/2021\/06\/Coronavirus-20062021_Page_4-212x300.jpg 212w, \/\/aujourdhui.ma\/wp-content\/uploads\/2021\/06\/Coronavirus-20062021_Page_4-768x1086.jpg 768w, \/\/aujourdhui.ma\/wp-content\/uploads\/2021\/06\/Coronavirus-20062021_Page_4-1086x1536.jpg 1086w, \/\/aujourdhui.ma\/wp-content\/uploads\/2021\/06\/Coronavirus-20062021_Page_4-1448x2048.jpg 1448w, \/\/aujourdhui.ma\/wp-content\/uploads\/2021\/06\/Coronavirus-20062021_Page_4.jpg 1654w\" sizes=\"auto, (max-width: 724px) 100vw, 724px\"><\/a> <a href=\"https:\/\/aujourdhui.ma\/wp-content\/uploads\/2021\/06\/Coronavirus-20062021_Page_5.jpg\"><img decoding=\"async\" loading=\"lazy\" class=\"alignnone size-large wp-image-379568\" src=\"https:\/\/linitiative.ca\/International\/wp-content\/uploads\/sites\/23\/2021\/06\/Coronavirus-20062021_Page_5-1024x724-1.jpg\" alt=\"\" width=\"1000\" height=\"707\" srcset=\"\/\/aujourdhui.ma\/wp-content\/uploads\/2021\/06\/Coronavirus-20062021_Page_5-1024x724.jpg 1024w, \/\/aujourdhui.ma\/wp-content\/uploads\/2021\/06\/Coronavirus-20062021_Page_5-300x212.jpg 300w, \/\/aujourdhui.ma\/wp-content\/uploads\/2021\/06\/Coronavirus-20062021_Page_5-768x543.jpg 768w, \/\/aujourdhui.ma\/wp-content\/uploads\/2021\/06\/Coronavirus-20062021_Page_5-1536x1086.jpg 1536w, \/\/aujourdhui.ma\/wp-content\/uploads\/2021\/06\/Coronavirus-20062021_Page_5-2048x1448.jpg 2048w\" sizes=\"auto, (max-width: 1000px) 100vw, 1000px\"><\/a><\/p>\n<\/div>\n<p>Auteur: ALM<br \/>\n<a href=\"https:\/\/aujourdhui.ma\/societe\/covid-19-maroc-la-situation-epidemiologique-au-20-juin-2021-a-16h00\">Cliquez ici pour lire l&rsquo;article depuis sa source.<\/a><\/p>\n","protected":false},"excerpt":{"rendered":"<p>Entre hier \u00e0 16H00 et aujourd\u2019hui \u00e0 16H00288\u00a0 nouveaux cas soit un cumul de 526.651 cas \u00e0 ce jour. 299 gu\u00e9risons soit un cumul de 513.681 \u00e0 ce jour. 1 nouveau d\u00e9c\u00e8s donc un cumul de 9.238 \u00e0 ce jour. Nombre de personnes vaccin\u00e9es au 20 juin 16H00 1\u00e8re dose 9.375.240 2\u00e8me dose 8.118.841 Auteur: [&hellip;]<\/p>\n","protected":false},"author":1759,"featured_media":0,"comment_status":"closed","ping_status":"closed","sticky":false,"template":"","format":"standard","meta":{"fifu_image_url":"https:\/\/aujourdhui.ma\/wp-content\/uploads\/2021\/02\/maroc-covid-vaccin-300x153.jpg","fifu_image_alt":"Covid-19 \/ Maroc : La situation \u00e9pid\u00e9miologique au 20 juin 2021 \u00e0 16H00","footnotes":""},"categories":[73,54],"tags":[],"class_list":["post-118959","post","type-post","status-publish","format-standard","hentry","category-actualite","category-maroc"],"_links":{"self":[{"href":"https:\/\/linitiative.ca\/International\/wp-json\/wp\/v2\/posts\/118959","targetHints":{"allow":["GET"]}}],"collection":[{"href":"https:\/\/linitiative.ca\/International\/wp-json\/wp\/v2\/posts"}],"about":[{"href":"https:\/\/linitiative.ca\/International\/wp-json\/wp\/v2\/types\/post"}],"author":[{"embeddable":true,"href":"https:\/\/linitiative.ca\/International\/wp-json\/wp\/v2\/users\/1759"}],"replies":[{"embeddable":true,"href":"https:\/\/linitiative.ca\/International\/wp-json\/wp\/v2\/comments?post=118959"}],"version-history":[{"count":0,"href":"https:\/\/linitiative.ca\/International\/wp-json\/wp\/v2\/posts\/118959\/revisions"}],"wp:attachment":[{"href":"https:\/\/linitiative.ca\/International\/wp-json\/wp\/v2\/media?parent=118959"}],"wp:term":[{"taxonomy":"category","embeddable":true,"href":"https:\/\/linitiative.ca\/International\/wp-json\/wp\/v2\/categories?post=118959"},{"taxonomy":"post_tag","embeddable":true,"href":"https:\/\/linitiative.ca\/International\/wp-json\/wp\/v2\/tags?post=118959"}],"curies":[{"name":"wp","href":"https:\/\/api.w.org\/{rel}","templated":true}]}}