{"id":118971,"date":"2021-06-20T08:00:00","date_gmt":"2021-06-20T12:00:00","guid":{"rendered":"https:\/\/linitiative.ca\/International\/reconduction-des-mesures-de-confinement-dans-14-wilayas-pour-21-jours-a-partir-de-lundi\/"},"modified":"2021-06-20T08:00:00","modified_gmt":"2021-06-20T12:00:00","slug":"reconduction-des-mesures-de-confinement-dans-14-wilayas-pour-21-jours-a-partir-de-lundi","status":"publish","type":"post","link":"https:\/\/linitiative.ca\/International\/reconduction-des-mesures-de-confinement-dans-14-wilayas-pour-21-jours-a-partir-de-lundi\/","title":{"rendered":"Reconduction des mesures de confinement dans 14 wilayas pour 21 jours \u00e0 partir de lundi"},"content":{"rendered":"<div>Le Gouvernement a d\u00e9cid\u00e9, sur instruction du pr\u00e9sident de la R\u00e9publique, M. Abdelmadjid Tebboune, de r\u00e9am\u00e9nager et de proroger de vingt et un (21) jours le confinement partiel \u00e0 domicile de minuit jusqu&rsquo;au lendemain \u00e0 4h00 du matin dans 14 wilayas<\/div>\n<p>Auteur:<br \/>\n<a href=\"https:\/\/www.liberte-algerie.com\/actualite\/reconduction-des-mesures-de-confinement-dans-14-wilayas-pour-21-jours-a-partir-de-lundi-360653\">Cliquez ici pour lire l&rsquo;article depuis sa source.<\/a><\/p>\n","protected":false},"excerpt":{"rendered":"<p>Le Gouvernement a d\u00e9cid\u00e9, sur instruction du pr\u00e9sident de la R\u00e9publique, M. Abdelmadjid Tebboune, de r\u00e9am\u00e9nager et de proroger de vingt et un (21) jours le confinement partiel \u00e0 domicile de minuit jusqu&rsquo;au lendemain \u00e0 4h00 du matin dans 14 wilayas Auteur: Cliquez ici pour lire l&rsquo;article depuis sa source.<\/p>\n","protected":false},"author":1742,"featured_media":0,"comment_status":"closed","ping_status":"closed","sticky":false,"template":"","format":"standard","meta":{"fifu_image_url":"","fifu_image_alt":"","footnotes":""},"categories":[73,53],"tags":[],"class_list":["post-118971","post","type-post","status-publish","format-standard","hentry","category-actualite","category-algerie"],"_links":{"self":[{"href":"https:\/\/linitiative.ca\/International\/wp-json\/wp\/v2\/posts\/118971","targetHints":{"allow":["GET"]}}],"collection":[{"href":"https:\/\/linitiative.ca\/International\/wp-json\/wp\/v2\/posts"}],"about":[{"href":"https:\/\/linitiative.ca\/International\/wp-json\/wp\/v2\/types\/post"}],"author":[{"embeddable":true,"href":"https:\/\/linitiative.ca\/International\/wp-json\/wp\/v2\/users\/1742"}],"replies":[{"embeddable":true,"href":"https:\/\/linitiative.ca\/International\/wp-json\/wp\/v2\/comments?post=118971"}],"version-history":[{"count":0,"href":"https:\/\/linitiative.ca\/International\/wp-json\/wp\/v2\/posts\/118971\/revisions"}],"wp:attachment":[{"href":"https:\/\/linitiative.ca\/International\/wp-json\/wp\/v2\/media?parent=118971"}],"wp:term":[{"taxonomy":"category","embeddable":true,"href":"https:\/\/linitiative.ca\/International\/wp-json\/wp\/v2\/categories?post=118971"},{"taxonomy":"post_tag","embeddable":true,"href":"https:\/\/linitiative.ca\/International\/wp-json\/wp\/v2\/tags?post=118971"}],"curies":[{"name":"wp","href":"https:\/\/api.w.org\/{rel}","templated":true}]}}