{"id":118977,"date":"2021-06-19T19:41:22","date_gmt":"2021-06-19T23:41:22","guid":{"rendered":"https:\/\/linitiative.ca\/International\/arrivee-de-mre-a-bord-dun-1er-vol-direct-en-provenance-de-bruxelles\/"},"modified":"2021-06-19T19:41:22","modified_gmt":"2021-06-19T23:41:22","slug":"arrivee-de-mre-a-bord-dun-1er-vol-direct-en-provenance-de-bruxelles","status":"publish","type":"post","link":"https:\/\/linitiative.ca\/International\/arrivee-de-mre-a-bord-dun-1er-vol-direct-en-provenance-de-bruxelles\/","title":{"rendered":"Arriv\u00e9e de MRE \u00e0 bord d\u2019un 1er vol direct en provenance de Bruxelles"},"content":{"rendered":"<div>\n<div style=\"margin-bottom:20px;\"><img loading=\"lazy\" decoding=\"async\" width=\"750\" height=\"430\" src=\"https:\/\/linitiative.ca\/International\/wp-content\/uploads\/sites\/23\/2021\/06\/Aeroportessaouira-copier.jpg\" class=\"attachment-post-thumbnail size-post-thumbnail wp-post-image\" alt=\"\" srcset=\"https:\/\/linitiative.ca\/International\/wp-content\/uploads\/sites\/23\/2021\/06\/Aeroportessaouira-copier.jpg 750w, http:\/\/www.mapmarrakech.ma\/map\/uploads\/2021\/06\/Aeroportessaouira-copier-300x172.jpg 300w\" sizes=\"auto, (max-width: 750px) 100vw, 750px\"><\/div>\n<p>Un accueil des plus chaleureux a \u00e9t\u00e9, ainsi, r\u00e9serv\u00e9 aux membres de la communaut\u00e9 marocaine \u00e9tablie \u00e0 l\u2019\u00e9tranger et aux visiteurs \u00e9trangers \u00e0 leur arriv\u00e9e \u00e0 cette infrastructure a\u00e9roportuaire.<\/p>\n<p>A leur arriv\u00e9e, les passagers ont effectu\u00e9 les formalit\u00e9s douani\u00e8res et r\u00e9cup\u00e9r\u00e9 leurs bagages de mani\u00e8re fluide et ordonn\u00e9e, tout en se conformant aux consignes de distanciation physique et aux gestes barri\u00e8res, avec l\u2019utilisation des bornes distributrices de gels hydroalcooliques.<\/p>\n<p>Dans des d\u00e9clarations \u00e0 la MAP, des voyageurs ont exprim\u00e9 leur profonde gratitude \u00e0 Sa Majest\u00e9 le Roi Mohammed VI pour Son initiative visant \u00e0 faciliter le retour des MRE \u00e0 la M\u00e8re Patrie \u00e0 des prix abordables, tout en se f\u00e9licitant de ce geste Royal noble qui traduit la Haute Sollicitude dont le Souverain ne cesse d\u2019entourer les Marocains du monde.<\/p>\n<p>A cette occasion, le commandant de l\u2019a\u00e9roport international Essaouira-Mogador par int\u00e9rim, Mohammed Arhjoul, a not\u00e9 que la plateforme a\u00e9roportuaire de la Cit\u00e9 des Aliz\u00e9s a connu, \u00e0 l\u2019instar des autres a\u00e9roports du Royaume, la mise en oeuvre d\u2019un plan de reprise a\u00e9roportuaire, dont la priorit\u00e9 absolue est de prot\u00e9ger tous les usagers, d\u2019accompagner la reprise du trafic et d\u2019offrir une exp\u00e9rience de voyage agr\u00e9able, saine et rassurante.<\/p>\n<p>Dans ce sens, un dispositif sanitaire conforme aux recommandations nationales et internationales a \u00e9t\u00e9 mis en place : distanciation physique (marquage au sol, mise en place de plexiglas dans les comptoirs avec interaction avec les pax, sensibilisation et information, affichage et diffusion de messages sonores) tout au long du parcours du passager, mesures d\u2019hygi\u00e8ne (distributeurs de gel d\u00e9sinfectant, intensification du nettoyage,\u2026).<\/p>\n<p>Et le responsable de relever que l\u2019a\u00e9roport a obtenu l\u2019accr\u00e9ditation sanitaire du Conseil international des A\u00e9roports (AHA) et ce, \u00e0 l\u2019issue d\u2019un audit de tout le dispositif sanitaire mis en place par l\u2019a\u00e9roport et qui concerne l\u2019ensemble des aspects relatifs \u00e0 l\u2019accueil des passagers.<\/p>\n<p>De son c\u00f4t\u00e9, M. Tarik Ottmani, pr\u00e9sident du bureau ex\u00e9cutif de l\u2019Association Essaouira- Mogador, a dit toute sa joie de voir la plateforme a\u00e9roportuaire de la Cit\u00e9 des Aliz\u00e9s recevoir son premier vol apr\u00e8s des mois de fermeture.<\/p>\n<p>Il a, dans ce sillage, mis en avant la mobilisation de tous les acteurs et intervenants (autorit\u00e9s, \u00e9lus et professionnels du secteur touristique) pour accueillir les Marocains du monde, les touristes \u00e9trangers et les visiteurs de la ville d\u2019Essaouira dans les meilleures conditions, tout en exprimant son souhait de voir les vols en provenance d\u2019autres villes europ\u00e9ennes, notamment Paris reprendre \u00e9galement.<\/p>\n<p>Pour sa part, le pr\u00e9sident de l\u2019Association de la Communaut\u00e9 souirie \u00e9tablie \u00e0 l\u2019\u00e9tranger, Yamani Ahfid, s\u2019est r\u00e9joui de ce geste Royal qui a amplement contribu\u00e9 \u00e0 all\u00e9ger les souffrances des MRE durant cette p\u00e9riode exceptionnelle induite par la propagation de la Covid-19.<\/p>\n<p>Sur la base des indicateurs positifs de la situation \u00e9pid\u00e9miologique dans le Royaume et de la baisse du nombre des cas d\u2019infections au nouveau coronavirus, notamment apr\u00e8s l\u2019\u00e9largissement des campagnes de vaccination, les autorit\u00e9s marocaines ont d\u00e9cid\u00e9 la reprise des vols de et vers le Royaume \u00e0 compter du 15 juin dernier.<\/p>\n<p>The post <a rel=\"nofollow\" href=\"http:\/\/www.mapmarrakech.ma\/fr\/arrivee-de-mre-a-bord-dun-premier-vol-direct-en-provenance-de-bruxelles\/\">Arriv\u00e9e de MRE \u00e0 bord d\u2019un 1er vol direct en provenance de Bruxelles<\/a> appeared first on <a rel=\"nofollow\" href=\"http:\/\/www.mapmarrakech.ma\/fr\">MapMarrakech<\/a>.<\/p>\n<\/div>\n<p>Auteur: Meriem IGASS<br \/>\n<a href=\"http:\/\/www.mapmarrakech.ma\/fr\/arrivee-de-mre-a-bord-dun-premier-vol-direct-en-provenance-de-bruxelles\/\">Cliquez ici pour lire l&rsquo;article depuis sa source.<\/a><\/p>\n","protected":false},"excerpt":{"rendered":"<p>Un accueil des plus chaleureux a \u00e9t\u00e9, ainsi, r\u00e9serv\u00e9 aux membres de la communaut\u00e9 marocaine \u00e9tablie \u00e0 l\u2019\u00e9tranger et aux visiteurs \u00e9trangers \u00e0 leur arriv\u00e9e \u00e0 cette infrastructure a\u00e9roportuaire. A leur arriv\u00e9e, les passagers ont effectu\u00e9 les formalit\u00e9s douani\u00e8res et r\u00e9cup\u00e9r\u00e9 leurs bagages de mani\u00e8re fluide et ordonn\u00e9e, tout en se conformant aux consignes de [&hellip;]<\/p>\n","protected":false},"author":1788,"featured_media":0,"comment_status":"closed","ping_status":"closed","sticky":false,"template":"","format":"standard","meta":{"fifu_image_url":"http:\/\/www.mapmarrakech.ma\/map\/uploads\/2021\/06\/Aeroportessaouira-copier.jpg","fifu_image_alt":"Arriv\u00e9e de MRE \u00e0 bord d\u2019un 1er vol direct en provenance de Bruxelles","footnotes":""},"categories":[54,76],"tags":[],"class_list":["post-118977","post","type-post","status-publish","format-standard","hentry","category-maroc","category-regions"],"_links":{"self":[{"href":"https:\/\/linitiative.ca\/International\/wp-json\/wp\/v2\/posts\/118977","targetHints":{"allow":["GET"]}}],"collection":[{"href":"https:\/\/linitiative.ca\/International\/wp-json\/wp\/v2\/posts"}],"about":[{"href":"https:\/\/linitiative.ca\/International\/wp-json\/wp\/v2\/types\/post"}],"author":[{"embeddable":true,"href":"https:\/\/linitiative.ca\/International\/wp-json\/wp\/v2\/users\/1788"}],"replies":[{"embeddable":true,"href":"https:\/\/linitiative.ca\/International\/wp-json\/wp\/v2\/comments?post=118977"}],"version-history":[{"count":0,"href":"https:\/\/linitiative.ca\/International\/wp-json\/wp\/v2\/posts\/118977\/revisions"}],"wp:attachment":[{"href":"https:\/\/linitiative.ca\/International\/wp-json\/wp\/v2\/media?parent=118977"}],"wp:term":[{"taxonomy":"category","embeddable":true,"href":"https:\/\/linitiative.ca\/International\/wp-json\/wp\/v2\/categories?post=118977"},{"taxonomy":"post_tag","embeddable":true,"href":"https:\/\/linitiative.ca\/International\/wp-json\/wp\/v2\/tags?post=118977"}],"curies":[{"name":"wp","href":"https:\/\/api.w.org\/{rel}","templated":true}]}}