{"id":118989,"date":"2021-06-20T10:37:37","date_gmt":"2021-06-20T14:37:37","guid":{"rendered":"https:\/\/linitiative.ca\/International\/les-partis-doivent-jouer-un-role-actif-dans-la-consolidation-des-acquis-nationaux\/"},"modified":"2021-06-20T10:37:37","modified_gmt":"2021-06-20T14:37:37","slug":"les-partis-doivent-jouer-un-role-actif-dans-la-consolidation-des-acquis-nationaux","status":"publish","type":"post","link":"https:\/\/linitiative.ca\/International\/les-partis-doivent-jouer-un-role-actif-dans-la-consolidation-des-acquis-nationaux\/","title":{"rendered":"Les partis doivent jouer un r\u00f4le actif dans la consolidation des acquis nationaux"},"content":{"rendered":"<div>\n<div style=\"margin-bottom:20px;\"><img loading=\"lazy\" decoding=\"async\" width=\"750\" height=\"430\" src=\"https:\/\/linitiative.ca\/International\/wp-content\/uploads\/sites\/23\/2021\/06\/Le-SecrC3A9taire-gC3A9nC3A9ral-du-FFD-Mustapha-Benali-750C397430-MAP.jpg\" class=\"attachment-post-thumbnail size-post-thumbnail wp-post-image\" alt=\"\" srcset=\"https:\/\/linitiative.ca\/International\/wp-content\/uploads\/sites\/23\/2021\/06\/Le-SecrC3A9taire-gC3A9nC3A9ral-du-FFD-Mustapha-Benali-750C397430-MAP.jpg 750w, http:\/\/www.mapoujda.ma\/map\/uploads\/2021\/06\/Le-Secr\u00e9taire-g\u00e9n\u00e9ral-du-FFD-Mustapha-Benali-750\u00d7430-MAP-300x172.jpg 300w\" sizes=\"auto, (max-width: 750px) 100vw, 750px\"><\/div>\n<div>\n<p style=\"text-align: justify;\">Les partis politiques doivent jouer un r\u00f4le actif en mati\u00e8re de dynamisation du d\u00e9bat public et de consolidation des acquis nationaux, a affirm\u00e9, samedi \u00e0 Jerada, le secr\u00e9taire g\u00e9n\u00e9ral du Front des forces d\u00e9mocratiques (FFD), Mustapha Benali.<\/p>\n<p style=\"text-align: justify;\">Intervenant lors d\u2019une rencontre de communication durant laquelle il a abord\u00e9 plusieurs questions d\u2019actualit\u00e9 et les d\u00e9fis auxquels fait face le Maroc, M. Benali a estim\u00e9 que le r\u00f4le des partis va au-del\u00e0 de la consolidation de l\u2019\u00e9difice d\u00e9mocratique et doit avoir pour objectif \u00e9galement l\u2019enrichissement du d\u00e9bat public et le renforcement du front int\u00e9rieur en vue de d\u00e9fendre les acquis, notamment les victoires diplomatiques servant la cause de l\u2019int\u00e9grit\u00e9 territoriale du Royaume.<\/p>\n<p style=\"text-align: justify;\">Les progr\u00e8s et acquis r\u00e9alis\u00e9s par le Maroc sur tous les plans ne sont pas du go\u00fbt de certains voisins qui continuent \u00e0 man\u0153uvrer pour nuire aux int\u00e9r\u00eats supr\u00eames de la Nation, a-t-il mis en garde, mettant l\u2019accent sur l\u2019importance de la mobilisation de l\u2019ensemble des Marocains pour d\u00e9fendre ces acquis, r\u00e9alis\u00e9s gr\u00e2ce aux Hautes orientations et initiatives de SM le Roi Mohammed VI.<\/p>\n<p style=\"text-align: justify;\">Par ailleurs, M. Benali a soulign\u00e9 la n\u00e9cessit\u00e9 d\u2019\u00e9riger le chantier social en priorit\u00e9, afin de r\u00e9pondre aux attentes de nombreux citoyens qui font face \u00e0 une conjoncture \u00e9conomique difficile, aggrav\u00e9e par les r\u00e9percussions de la crise sanitaire mondiale.<\/p>\n<p style=\"text-align: justify;\">Si le Maroc enregistre des avanc\u00e9es ind\u00e9niables et s\u2019appr\u00eate \u00e0 mettre en \u0153uvre un nouveau mod\u00e8le de d\u00e9veloppement, sous la conduite \u00e9clair\u00e9e de SM le Roi, il reste n\u00e9cessaire que la classe politique soit \u00e0 la hauteur des enjeux, afin que tous les Marocains puissent b\u00e9n\u00e9ficier de la marche du d\u00e9veloppement, a-t-il dit.<\/p>\n<p style=\"text-align: justify;\">A cet \u00e9gard, il a not\u00e9 que les prochaines \u00e9lections constituent une occasion \u00e0 ne pas rater afin de choisir les profils \u00e0 m\u00eame de relever les d\u00e9fis \u00e9conomiques, sociaux et environnementaux du Maroc et mettre le citoyen au c\u0153ur des pr\u00e9occupations.<\/p>\n<p style=\"text-align: justify;\">Le secr\u00e9taire g\u00e9n\u00e9ral du FFD a aussi indiqu\u00e9 que cette rencontre s\u2019inscrit dans le cadre d\u2019une s\u00e9rie de rencontres de communication \u00e0 travers le Maroc, par laquelle le parti entend contribuer \u00e0 l\u2019enrichissement du d\u00e9bat public et \u00e0 la d\u00e9fense des causes nationales, \u00e0 leur t\u00eate l\u2019int\u00e9grit\u00e9 territoriale du Royaume.<\/p>\n<\/div>\n<p>L\u2019article <a rel=\"nofollow\" href=\"http:\/\/www.mapoujda.ma\/fr\/les-partis-doivent-jouer-un-role-actif-dans-la-consolidation-des-acquis-nationaux\/\">Les partis doivent jouer un r\u00f4le actif dans la consolidation des acquis nationaux<\/a> est apparu en premier sur <a rel=\"nofollow\" href=\"http:\/\/www.mapoujda.ma\/fr\">MapOujda<\/a>.<\/p>\n<\/div>\n<p>Auteur: Soufiane ELAHMAR<br \/>\n<a href=\"http:\/\/www.mapoujda.ma\/fr\/les-partis-doivent-jouer-un-role-actif-dans-la-consolidation-des-acquis-nationaux\/\">Cliquez ici pour lire l&rsquo;article depuis sa source.<\/a><\/p>\n","protected":false},"excerpt":{"rendered":"<p>Les partis politiques doivent jouer un r\u00f4le actif en mati\u00e8re de dynamisation du d\u00e9bat public et de consolidation des acquis nationaux, a affirm\u00e9, samedi \u00e0 Jerada, le secr\u00e9taire g\u00e9n\u00e9ral du Front des forces d\u00e9mocratiques (FFD), Mustapha Benali. Intervenant lors d\u2019une rencontre de communication durant laquelle il a abord\u00e9 plusieurs questions d\u2019actualit\u00e9 et les d\u00e9fis auxquels [&hellip;]<\/p>\n","protected":false},"author":1788,"featured_media":0,"comment_status":"closed","ping_status":"closed","sticky":false,"template":"","format":"standard","meta":{"fifu_image_url":"http:\/\/www.mapoujda.ma\/map\/uploads\/2021\/06\/Le-Secr\u00e9taire-g\u00e9n\u00e9ral-du-FFD-Mustapha-Benali-750\u00d7430-MAP.jpg","fifu_image_alt":"Les partis doivent jouer un r\u00f4le actif dans la consolidation des acquis nationaux","footnotes":""},"categories":[54,76],"tags":[],"class_list":["post-118989","post","type-post","status-publish","format-standard","hentry","category-maroc","category-regions"],"_links":{"self":[{"href":"https:\/\/linitiative.ca\/International\/wp-json\/wp\/v2\/posts\/118989","targetHints":{"allow":["GET"]}}],"collection":[{"href":"https:\/\/linitiative.ca\/International\/wp-json\/wp\/v2\/posts"}],"about":[{"href":"https:\/\/linitiative.ca\/International\/wp-json\/wp\/v2\/types\/post"}],"author":[{"embeddable":true,"href":"https:\/\/linitiative.ca\/International\/wp-json\/wp\/v2\/users\/1788"}],"replies":[{"embeddable":true,"href":"https:\/\/linitiative.ca\/International\/wp-json\/wp\/v2\/comments?post=118989"}],"version-history":[{"count":0,"href":"https:\/\/linitiative.ca\/International\/wp-json\/wp\/v2\/posts\/118989\/revisions"}],"wp:attachment":[{"href":"https:\/\/linitiative.ca\/International\/wp-json\/wp\/v2\/media?parent=118989"}],"wp:term":[{"taxonomy":"category","embeddable":true,"href":"https:\/\/linitiative.ca\/International\/wp-json\/wp\/v2\/categories?post=118989"},{"taxonomy":"post_tag","embeddable":true,"href":"https:\/\/linitiative.ca\/International\/wp-json\/wp\/v2\/tags?post=118989"}],"curies":[{"name":"wp","href":"https:\/\/api.w.org\/{rel}","templated":true}]}}