{"id":118991,"date":"2021-06-20T10:44:52","date_gmt":"2021-06-20T14:44:52","guid":{"rendered":"https:\/\/linitiative.ca\/International\/indh-jerada-des-efforts-soutenus-au-service-de-leducation\/"},"modified":"2021-06-20T10:44:52","modified_gmt":"2021-06-20T14:44:52","slug":"indh-jerada-des-efforts-soutenus-au-service-de-leducation","status":"publish","type":"post","link":"https:\/\/linitiative.ca\/International\/indh-jerada-des-efforts-soutenus-au-service-de-leducation\/","title":{"rendered":"INDH\/Jerada : Des efforts soutenus au service de l\u2019\u00e9ducation"},"content":{"rendered":"<div>\n<div style=\"margin-bottom:20px;\"><img loading=\"lazy\" decoding=\"async\" width=\"750\" height=\"430\" src=\"https:\/\/linitiative.ca\/International\/wp-content\/uploads\/sites\/23\/2021\/06\/Des-filles-prennent-un-bus-de-transport-scolaire-750C397430-MAP.jpg\" class=\"attachment-post-thumbnail size-post-thumbnail wp-post-image\" alt=\"\" srcset=\"https:\/\/linitiative.ca\/International\/wp-content\/uploads\/sites\/23\/2021\/06\/Des-filles-prennent-un-bus-de-transport-scolaire-750C397430-MAP.jpg 750w, http:\/\/www.mapoujda.ma\/map\/uploads\/2021\/01\/Des-filles-prennent-un-bus-de-transport-scolaire-750\u00d7430-MAP-300x172.jpg 300w\" sizes=\"auto, (max-width: 750px) 100vw, 750px\"><\/div>\n<p style=\"text-align: justify;\">Des efforts soutenus sont d\u00e9ploy\u00e9s au niveau de la province de Jerada pour renforcer le secteur \u00e9ducatif et am\u00e9liorer les conditions d\u2019apprentissage et d\u2019\u00e9panouissement des g\u00e9n\u00e9rations montantes, \u00e0 la faveur de l\u2019Initiative nationale pour le d\u00e9veloppement humain (INDH).<\/p>\n<p style=\"text-align: justify;\">Ces r\u00e9alisations sont le fruit de partenariat entre notamment l\u2019INDH, la d\u00e9l\u00e9gation provinciale de l\u2019Education nationale et les acteurs de la soci\u00e9t\u00e9 civile \u0153uvrant dans ce domaine, et ciblent en particulier le monde rural en vue de lutter contre les in\u00e9galit\u00e9s dans le secteur de l\u2019\u00e9ducation et contribuer au renforcement du capital humain.<\/p>\n<p style=\"text-align: justify;\">Dans ce cadre, un accent particulier est mis sur la promotion de l\u2019enseignement pr\u00e9scolaire, qui constitue l\u2019un des principaux axes de la 3\u00e8me phase de l\u2019INDH (2019-2023), afin de favoriser l\u2019\u00e9panouissement des enfants et construire leur cursus \u00e9ducatif sur des bases solides.<\/p>\n<p style=\"text-align: justify;\">Dans une d\u00e9claration \u00e0 la MAP, Jalal Tagmouti, chef de la Division de l\u2019action sociale (DAS) \u00e0 la pr\u00e9fecture de la province de Jerada, a indiqu\u00e9 que la province a connu la cr\u00e9ation et l\u2019inauguration d\u2019un total de 23 unit\u00e9s d\u2019enseignement pr\u00e9scolaire en milieu rural durant les ann\u00e9es 2019 et 2020, dans le cadre du quatri\u00e8me programme de l\u2019INDH relatif \u00e0 l\u2019impulsion du capital humain des g\u00e9n\u00e9rations montantes.<\/p>\n<p style=\"text-align: justify;\">Ces \u00e9tablissements s\u2019ajoutent \u00e0 11 autres unit\u00e9s r\u00e9alis\u00e9es en milieu urbain, alors que trois autres unit\u00e9s sont programm\u00e9es au titre de cette ann\u00e9e. Le nombre total des enfants inscrits dans les unit\u00e9s op\u00e9rationnelles d\u00e9passe les 300, dont plus de la moiti\u00e9 sont des filles.<\/p>\n<p style=\"text-align: justify;\">Par ailleurs, des efforts sont d\u00e9ploy\u00e9s pour lutter contre le d\u00e9crochage scolaire via le renforcement des infrastructures d\u2019accueil des \u00e9l\u00e8ves issus de familles n\u00e9cessiteuses en milieu rural.<\/p>\n<p style=\"text-align: justify;\">Dans ce cadre, l\u2019importance est accord\u00e9e \u00e0 la cr\u00e9ation et la mise \u00e0 niveau des maisons de l\u2019\u00e9tudiant et de l\u2019\u00e9tudiante, en vue d\u2019encourager les \u00e9l\u00e8ves \u00e0 poursuivre leurs \u00e9tudes dans les meilleures conditions.<\/p>\n<p style=\"text-align: justify;\">Actuellement, une Maison de l\u2019\u00e9tudiante est en cours de construction et a atteint un taux de r\u00e9alisation important, alors que la Maison de l\u2019\u00e9tudiant (Dar Talib) de la ville de Jerada est en cours d\u2019extension, a pr\u00e9cis\u00e9 M. Tagmouti.<\/p>\n<p style=\"text-align: justify;\">Ce dernier projet est r\u00e9alis\u00e9 pour un investissement de 2,5 millions de dirhams (MDH) dans le cadre d\u2019un partenariat entre l\u2019INDH (500.000 DH), le Conseil provincial (1 MDH) et l\u2019Agence de l\u2019Oriental (1 MDH).<\/p>\n<p style=\"text-align: justify;\">A ne pas oublier \u00e9galement une action de grande importance pour renforcer les connaissances et assurer l\u2019\u00e9galit\u00e9 des chances dans le domaine \u00e9ducatif, \u00e0 savoir les cours de soutien scolaire au profit des \u00e9l\u00e8ves issus de familles n\u00e9cessiteuses en milieu rural.<\/p>\n<p style=\"text-align: justify;\">En effet, des cours de soutien et des sessions d\u2019accompagnement des \u00e9l\u00e8ves dans le monde rural ont \u00e9t\u00e9 organis\u00e9es au niveau de 21 \u00e9tablissements d\u2019enseignement primaire, et ont profit\u00e9 \u00e0 plus de 500 b\u00e9n\u00e9ficiaires, a soulign\u00e9 M. Tagmouti.<\/p>\n<p style=\"text-align: justify;\">Abdelkrim El Kaddouri, acteur associatif participant \u00e0 cette op\u00e9ration, a relev\u00e9 que cette initiative vise \u00e0 permettre aux \u00e9l\u00e8ves du monde rural de surmonter les difficult\u00e9s et combler les lacunes dans leur processus d\u2019apprentissage.<\/p>\n<p style=\"text-align: justify;\">Il s\u2019agit de concr\u00e9tiser le principe d\u2019\u00e9galit\u00e9 des chances en soutenant les \u00e9l\u00e8ves qui ne b\u00e9n\u00e9ficient pas des m\u00eames conditions que ceux du milieu urbain, a-t-il expliqu\u00e9, formulant l\u2019espoir de voir cette initiative se poursuivre dans les ann\u00e9es \u00e0 venir.<\/p>\n<p>L\u2019article <a rel=\"nofollow\" href=\"http:\/\/www.mapoujda.ma\/fr\/indh-jerada-des-efforts-soutenus-au-service-de-leducation\/\">INDH\/Jerada : Des efforts soutenus au service de l\u2019\u00e9ducation<\/a> est apparu en premier sur <a rel=\"nofollow\" href=\"http:\/\/www.mapoujda.ma\/fr\">MapOujda<\/a>.<\/p>\n<\/div>\n<p>Auteur: Soufiane ELAHMAR<br \/>\n<a href=\"http:\/\/www.mapoujda.ma\/fr\/indh-jerada-des-efforts-soutenus-au-service-de-leducation\/\">Cliquez ici pour lire l&rsquo;article depuis sa source.<\/a><\/p>\n","protected":false},"excerpt":{"rendered":"<p>Des efforts soutenus sont d\u00e9ploy\u00e9s au niveau de la province de Jerada pour renforcer le secteur \u00e9ducatif et am\u00e9liorer les conditions d\u2019apprentissage et d\u2019\u00e9panouissement des g\u00e9n\u00e9rations montantes, \u00e0 la faveur de l\u2019Initiative nationale pour le d\u00e9veloppement humain (INDH). Ces r\u00e9alisations sont le fruit de partenariat entre notamment l\u2019INDH, la d\u00e9l\u00e9gation provinciale de l\u2019Education nationale et [&hellip;]<\/p>\n","protected":false},"author":1788,"featured_media":0,"comment_status":"closed","ping_status":"closed","sticky":false,"template":"","format":"standard","meta":{"fifu_image_url":"http:\/\/www.mapoujda.ma\/map\/uploads\/2021\/01\/Des-filles-prennent-un-bus-de-transport-scolaire-750\u00d7430-MAP.jpg","fifu_image_alt":"INDH\/Jerada : Des efforts soutenus au service de l\u2019\u00e9ducation","footnotes":""},"categories":[54,76],"tags":[],"class_list":["post-118991","post","type-post","status-publish","format-standard","hentry","category-maroc","category-regions"],"_links":{"self":[{"href":"https:\/\/linitiative.ca\/International\/wp-json\/wp\/v2\/posts\/118991","targetHints":{"allow":["GET"]}}],"collection":[{"href":"https:\/\/linitiative.ca\/International\/wp-json\/wp\/v2\/posts"}],"about":[{"href":"https:\/\/linitiative.ca\/International\/wp-json\/wp\/v2\/types\/post"}],"author":[{"embeddable":true,"href":"https:\/\/linitiative.ca\/International\/wp-json\/wp\/v2\/users\/1788"}],"replies":[{"embeddable":true,"href":"https:\/\/linitiative.ca\/International\/wp-json\/wp\/v2\/comments?post=118991"}],"version-history":[{"count":0,"href":"https:\/\/linitiative.ca\/International\/wp-json\/wp\/v2\/posts\/118991\/revisions"}],"wp:attachment":[{"href":"https:\/\/linitiative.ca\/International\/wp-json\/wp\/v2\/media?parent=118991"}],"wp:term":[{"taxonomy":"category","embeddable":true,"href":"https:\/\/linitiative.ca\/International\/wp-json\/wp\/v2\/categories?post=118991"},{"taxonomy":"post_tag","embeddable":true,"href":"https:\/\/linitiative.ca\/International\/wp-json\/wp\/v2\/tags?post=118991"}],"curies":[{"name":"wp","href":"https:\/\/api.w.org\/{rel}","templated":true}]}}