{"id":118998,"date":"2021-06-20T15:14:38","date_gmt":"2021-06-20T19:14:38","guid":{"rendered":"https:\/\/linitiative.ca\/International\/real-ancelotti-aurait-cible-sa-priorite-en-attaque\/"},"modified":"2021-06-20T15:14:38","modified_gmt":"2021-06-20T19:14:38","slug":"real-ancelotti-aurait-cible-sa-priorite-en-attaque","status":"publish","type":"post","link":"https:\/\/linitiative.ca\/International\/real-ancelotti-aurait-cible-sa-priorite-en-attaque\/","title":{"rendered":"Real : Ancelotti aurait cibl\u00e9 sa priorit\u00e9 en attaque"},"content":{"rendered":"<div>A en croire les informations du Sun, le technicien italien aurait cibl\u00e9 le buteur Dominic Calvert-Lewin, auteur de 21 buts la saison derni\u00e8re avec le technicien italien<img loading=\"lazy\" decoding=\"async\" src=\"http:\/\/feeds.feedburner.com\/~r\/GalerieFArtciles\/~4\/xGqxPnte7H0\" height=\"1\" width=\"1\" alt=\"\"><\/div>\n<p>Auteur:<br \/>\n<a href=\"http:\/\/www.lebuteur.com\/article\/detail?titre=real-ancelotti-aurait-cible-sa-priorite-en-attaque&#038;id=100418&#038;utm_source=feedburner&#038;utm_medium=feed&#038;utm_campaign=Feed%3A+GalerieFArtciles+%28Les+derniers+articles++-+lebuteur.com%29\">Cliquez ici pour lire l&rsquo;article depuis sa source.<\/a><\/p>\n","protected":false},"excerpt":{"rendered":"<p>A en croire les informations du Sun, le technicien italien aurait cibl\u00e9 le buteur Dominic Calvert-Lewin, auteur de 21 buts la saison derni\u00e8re avec le technicien italien Auteur: Cliquez ici pour lire l&rsquo;article depuis sa source.<\/p>\n","protected":false},"author":1738,"featured_media":0,"comment_status":"closed","ping_status":"closed","sticky":false,"template":"","format":"standard","meta":{"fifu_image_url":"http:\/\/feeds.feedburner.com\/~r\/GalerieFArtciles\/~4\/xGqxPnte7H0","fifu_image_alt":"Real : Ancelotti aurait cibl\u00e9 sa priorit\u00e9 en attaque","footnotes":""},"categories":[53,75],"tags":[],"class_list":["post-118998","post","type-post","status-publish","format-standard","hentry","category-algerie","category-sport"],"_links":{"self":[{"href":"https:\/\/linitiative.ca\/International\/wp-json\/wp\/v2\/posts\/118998","targetHints":{"allow":["GET"]}}],"collection":[{"href":"https:\/\/linitiative.ca\/International\/wp-json\/wp\/v2\/posts"}],"about":[{"href":"https:\/\/linitiative.ca\/International\/wp-json\/wp\/v2\/types\/post"}],"author":[{"embeddable":true,"href":"https:\/\/linitiative.ca\/International\/wp-json\/wp\/v2\/users\/1738"}],"replies":[{"embeddable":true,"href":"https:\/\/linitiative.ca\/International\/wp-json\/wp\/v2\/comments?post=118998"}],"version-history":[{"count":0,"href":"https:\/\/linitiative.ca\/International\/wp-json\/wp\/v2\/posts\/118998\/revisions"}],"wp:attachment":[{"href":"https:\/\/linitiative.ca\/International\/wp-json\/wp\/v2\/media?parent=118998"}],"wp:term":[{"taxonomy":"category","embeddable":true,"href":"https:\/\/linitiative.ca\/International\/wp-json\/wp\/v2\/categories?post=118998"},{"taxonomy":"post_tag","embeddable":true,"href":"https:\/\/linitiative.ca\/International\/wp-json\/wp\/v2\/tags?post=118998"}],"curies":[{"name":"wp","href":"https:\/\/api.w.org\/{rel}","templated":true}]}}