{"id":118999,"date":"2021-06-20T15:14:40","date_gmt":"2021-06-20T19:14:40","guid":{"rendered":"https:\/\/linitiative.ca\/International\/france-deschamps-prend-la-defense-de-benzema\/"},"modified":"2021-06-20T15:14:40","modified_gmt":"2021-06-20T19:14:40","slug":"france-deschamps-prend-la-defense-de-benzema","status":"publish","type":"post","link":"https:\/\/linitiative.ca\/International\/france-deschamps-prend-la-defense-de-benzema\/","title":{"rendered":"France : Deschamps prend la d\u00e9fense de Benzema"},"content":{"rendered":"<div>Peu \u00e0 son aise, Karim Benzema a livr\u00e9 une prestation tr\u00e8s moyenne contre la Hongrie (1-1), ce samedi, lors de la 2e journ\u00e9e du groupe F de l&rsquo;Euro<img loading=\"lazy\" decoding=\"async\" src=\"http:\/\/feeds.feedburner.com\/~r\/GalerieFArtciles\/~4\/Jbivv3PSJ6w\" height=\"1\" width=\"1\" alt=\"\"><\/div>\n<p>Auteur:<br \/>\n<a href=\"http:\/\/www.lebuteur.com\/article\/detail?titre=france-deschamps-prend-la-defense-de-benzema&#038;id=100419&#038;utm_source=feedburner&#038;utm_medium=feed&#038;utm_campaign=Feed%3A+GalerieFArtciles+%28Les+derniers+articles++-+lebuteur.com%29\">Cliquez ici pour lire l&rsquo;article depuis sa source.<\/a><\/p>\n","protected":false},"excerpt":{"rendered":"<p>Peu \u00e0 son aise, Karim Benzema a livr\u00e9 une prestation tr\u00e8s moyenne contre la Hongrie (1-1), ce samedi, lors de la 2e journ\u00e9e du groupe F de l&rsquo;Euro Auteur: Cliquez ici pour lire l&rsquo;article depuis sa source.<\/p>\n","protected":false},"author":1738,"featured_media":0,"comment_status":"closed","ping_status":"closed","sticky":false,"template":"","format":"standard","meta":{"fifu_image_url":"http:\/\/feeds.feedburner.com\/~r\/GalerieFArtciles\/~4\/Jbivv3PSJ6w","fifu_image_alt":"France : Deschamps prend la d\u00e9fense de Benzema","footnotes":""},"categories":[53,75],"tags":[],"class_list":["post-118999","post","type-post","status-publish","format-standard","hentry","category-algerie","category-sport"],"_links":{"self":[{"href":"https:\/\/linitiative.ca\/International\/wp-json\/wp\/v2\/posts\/118999","targetHints":{"allow":["GET"]}}],"collection":[{"href":"https:\/\/linitiative.ca\/International\/wp-json\/wp\/v2\/posts"}],"about":[{"href":"https:\/\/linitiative.ca\/International\/wp-json\/wp\/v2\/types\/post"}],"author":[{"embeddable":true,"href":"https:\/\/linitiative.ca\/International\/wp-json\/wp\/v2\/users\/1738"}],"replies":[{"embeddable":true,"href":"https:\/\/linitiative.ca\/International\/wp-json\/wp\/v2\/comments?post=118999"}],"version-history":[{"count":0,"href":"https:\/\/linitiative.ca\/International\/wp-json\/wp\/v2\/posts\/118999\/revisions"}],"wp:attachment":[{"href":"https:\/\/linitiative.ca\/International\/wp-json\/wp\/v2\/media?parent=118999"}],"wp:term":[{"taxonomy":"category","embeddable":true,"href":"https:\/\/linitiative.ca\/International\/wp-json\/wp\/v2\/categories?post=118999"},{"taxonomy":"post_tag","embeddable":true,"href":"https:\/\/linitiative.ca\/International\/wp-json\/wp\/v2\/tags?post=118999"}],"curies":[{"name":"wp","href":"https:\/\/api.w.org\/{rel}","templated":true}]}}