{"id":11900,"date":"2019-02-06T10:37:44","date_gmt":"2019-02-06T15:37:44","guid":{"rendered":"https:\/\/linitiative.ca\/International\/escrime-championnat-mediterraneen-des-exploits-malgre-les-difficultes\/"},"modified":"2019-02-06T10:37:44","modified_gmt":"2019-02-06T15:37:44","slug":"escrime-championnat-mediterraneen-des-exploits-malgre-les-difficultes","status":"publish","type":"post","link":"https:\/\/linitiative.ca\/International\/escrime-championnat-mediterraneen-des-exploits-malgre-les-difficultes\/","title":{"rendered":"Escrime\/Championnat m\u00e9diterran\u00e9en : Des exploits malgr\u00e9 les difficult\u00e9s"},"content":{"rendered":"<div>\n<div class=\"K2FeedImage\"><img decoding=\"async\" src=\"http:\/\/www.aps.dz\/media\/k2\/items\/cache\/e0152656bb10d653dd0d0052efdeed78_S.jpg\" alt=\"Escrime\/Championnat m\u00e9diterran\u00e9en : Des exploits malgr\u00e9 les difficult\u00e9s\"><\/div>\n<div class=\"K2FeedIntroText\">\n<p>ALGER &#8211; Le pr\u00e9sident de la F\u00e9d\u00e9ration alg\u00e9rienne d&rsquo;escrime, Abderaouf Bernaoui, a estim\u00e9 que les r\u00e9sultats obtenus par les s\u00e9lections nationales au Championnat m\u00e9diterran\u00e9en (cadets\/juniors), cl\u00f4tur\u00e9s dimanche \u00e0 Cagliari (Italie), sont \u00ab\u00a0magnifiques\u00a0\u00bb malgr\u00e9 les difficult\u00e9s rencontr\u00e9es ces deux derni\u00e8res ann\u00e9es.<\/p>\n<\/div>\n<div class=\"K2FeedFullText\">\n<p>\u00ab\u00a0C&rsquo;est la meilleure participation dans l&rsquo;histoire de l&rsquo;escrime alg\u00e9rien. Nos athl\u00e8tes ont r\u00e9alis\u00e9 des r\u00e9sultats historiques, puisque on ne se contentait que de quelques m\u00e9dailles de bronze lors des pr\u00e9c\u00e9dentes \u00e9ditions\u00a0\u00bb, a d\u00e9clar\u00e9 Bernaoui \u00e0 l&rsquo;APS. La s\u00e9lection alg\u00e9rienne d&rsquo;escrime a boucl\u00e9 sa participation au Championnat m\u00e9diterran\u00e9en 2019 (jeunes cat\u00e9gories) \u00e0 la deuxi\u00e8me place avec un total de sept m\u00e9dailles (2 or, 1 argent, 4 bronze).<\/p>\n<p>\u00ab\u00a0Malgr\u00e9 toutes les difficult\u00e9s rencontr\u00e9es depuis le d\u00e9but du mandat olympique et le d\u00e9part de deux entraineurs, nous sommes parvenus \u00e0 rivaliser avec l&rsquo;armada italienne en d\u00e9crochant notamment deux m\u00e9dailles d&rsquo;or. M\u00eame les athl\u00e8tes n&rsquo;ayant pas d\u00e9croch\u00e9 de m\u00e9dailles ont r\u00e9ussi \u00e0 se hisser aux quarts de finale\u00a0\u00bb, a-t-il ajout\u00e9.<\/p>\n<p>Les deux titres m\u00e9diterran\u00e9ens d\u00e9croch\u00e9s par l&rsquo;Alg\u00e9rie, dans la cat\u00e9gorie juniors, ont \u00e9t\u00e9 r\u00e9alis\u00e9s dans l&rsquo;\u00e9preuve par \u00e9quipes\/mixte f\u00e9minin (\u00e9p\u00e9e, fleuret, sabre) gr\u00e2ce au quatuor Meriem Mebarki, Neila Benchakour, Zohra Kehli et Yousra Zebboudj, et dans l&rsquo;\u00e9preuve individuelle par Nora Zahra Khali (Sabre juniors).<\/p>\n<hr>\n<p><em><strong>Lire aussi :\u00a0<a href=\"http:\/\/www.aps.dz\/sport\/84944-escrime-championnat-mediterraneen-medaille-d-or-pour-les-algeriennes\" target=\"_blank\" rel=\"noopener noreferrer\">Escrime\/Championnat m\u00e9diterran\u00e9en: m\u00e9daille d&rsquo;or pour les Alg\u00e9riennes<\/a><\/strong><\/em><\/p>\n<hr>\n<p>La m\u00e9daille d&rsquo;argent a \u00e9t\u00e9 remport\u00e9e par Mohamed Cherif Krakria (Ep\u00e9e-minimes), alors que les quatre m\u00e9dailles de bronze ont \u00e9t\u00e9 gagn\u00e9es par Naila Benchekor (Sabre\/minimes), Adem Izem Abdelhacib (sabre juniors), Meriem Mebarki (fleuret cadettes) et Cha\u00eema Benadouda (sabre cadettes).<\/p>\n<p>Et pour accompagner ces jeunes athl\u00e8tes, le pr\u00e9sident de la FAE a fait savoir que son instance r\u00e9fl\u00e9chit sur une strat\u00e9gie qui permettrait aux meilleurs escrimeurs de continuer \u00e0 progresser sans d\u00e9laisser leurs \u00e9tudes.<\/p>\n<p>\u00ab\u00a0Il est temps de r\u00e9fl\u00e9chir \u00e0 une strat\u00e9gie pour accompagner les athl\u00e8tes de haut niveau dans toutes les disciplines, comme c&rsquo;est le cas dans tous les pays du monde\u00a0\u00bb, a-t-il sugg\u00e9r\u00e9. L&rsquo;Alg\u00e9rie a pris part avec 23 athl\u00e8tes dont 13 filles \u00e0 cette comp\u00e9tition m\u00e9diterran\u00e9enne \u00e0 laquelle \u00e9taient pr\u00e9sents les escrimeurs de neuf pays.<\/p>\n<\/div>\n<p><img loading=\"lazy\" decoding=\"async\" src=\"http:\/\/feeds.feedburner.com\/~r\/aps-sport\/~4\/GIvJJYBJAbE\" height=\"1\" width=\"1\" alt=\"\"><\/div>\n","protected":false},"excerpt":{"rendered":"<p>ALGER &#8211; Le pr\u00e9sident de la F\u00e9d\u00e9ration alg\u00e9rienne d&rsquo;escrime, Abderaouf Bernaoui, a estim\u00e9 que les r\u00e9sultats obtenus par les s\u00e9lections nationales au Championnat m\u00e9diterran\u00e9en (cadets\/juniors), cl\u00f4tur\u00e9s dimanche \u00e0 Cagliari (Italie), sont \u00ab\u00a0magnifiques\u00a0\u00bb malgr\u00e9 les difficult\u00e9s rencontr\u00e9es ces deux derni\u00e8res ann\u00e9es. \u00ab\u00a0C&rsquo;est la meilleure participation dans l&rsquo;histoire de l&rsquo;escrime alg\u00e9rien. Nos athl\u00e8tes ont r\u00e9alis\u00e9 des r\u00e9sultats [&hellip;]<\/p>\n","protected":false},"author":1790,"featured_media":11901,"comment_status":"closed","ping_status":"closed","sticky":false,"template":"","format":"standard","meta":{"fifu_image_url":"","fifu_image_alt":"","footnotes":""},"categories":[53,75],"tags":[],"class_list":["post-11900","post","type-post","status-publish","format-standard","has-post-thumbnail","hentry","category-algerie","category-sport"],"_links":{"self":[{"href":"https:\/\/linitiative.ca\/International\/wp-json\/wp\/v2\/posts\/11900","targetHints":{"allow":["GET"]}}],"collection":[{"href":"https:\/\/linitiative.ca\/International\/wp-json\/wp\/v2\/posts"}],"about":[{"href":"https:\/\/linitiative.ca\/International\/wp-json\/wp\/v2\/types\/post"}],"author":[{"embeddable":true,"href":"https:\/\/linitiative.ca\/International\/wp-json\/wp\/v2\/users\/1790"}],"replies":[{"embeddable":true,"href":"https:\/\/linitiative.ca\/International\/wp-json\/wp\/v2\/comments?post=11900"}],"version-history":[{"count":0,"href":"https:\/\/linitiative.ca\/International\/wp-json\/wp\/v2\/posts\/11900\/revisions"}],"wp:featuredmedia":[{"embeddable":true,"href":"https:\/\/linitiative.ca\/International\/wp-json\/"}],"wp:attachment":[{"href":"https:\/\/linitiative.ca\/International\/wp-json\/wp\/v2\/media?parent=11900"}],"wp:term":[{"taxonomy":"category","embeddable":true,"href":"https:\/\/linitiative.ca\/International\/wp-json\/wp\/v2\/categories?post=11900"},{"taxonomy":"post_tag","embeddable":true,"href":"https:\/\/linitiative.ca\/International\/wp-json\/wp\/v2\/tags?post=11900"}],"curies":[{"name":"wp","href":"https:\/\/api.w.org\/{rel}","templated":true}]}}