{"id":119003,"date":"2021-06-20T07:12:47","date_gmt":"2021-06-20T11:12:47","guid":{"rendered":"https:\/\/linitiative.ca\/International\/arancha-gonzalez-laya-ministre-espagnole-des-affaires-etrangeres-nous-sommes-ouverts-a-ecouter-le-maroc-sur-le-sahara-interview\/"},"modified":"2021-06-20T07:12:47","modified_gmt":"2021-06-20T11:12:47","slug":"arancha-gonzalez-laya-ministre-espagnole-des-affaires-etrangeres-nous-sommes-ouverts-a-ecouter-le-maroc-sur-le-sahara-interview","status":"publish","type":"post","link":"https:\/\/linitiative.ca\/International\/arancha-gonzalez-laya-ministre-espagnole-des-affaires-etrangeres-nous-sommes-ouverts-a-ecouter-le-maroc-sur-le-sahara-interview\/","title":{"rendered":"Arancha Gonzalez Laya, ministre espagnole des Affaires \u00e9trang\u00e8res : \u00abnous sommes ouverts \u00e0 \u00e9couter le Maroc sur le Sahara\u00bb [Interview]"},"content":{"rendered":"<div><img decoding=\"async\" width=\"864\" height=\"486\" src=\"https:\/\/linitiative.ca\/International\/wp-content\/uploads\/sites\/23\/2021\/06\/ESPAGNE.jpg\" class=\"attachment-post-thumbnail size-post-thumbnail wp-post-image\" alt=\"\" loading=\"lazy\" srcset=\"https:\/\/linitiative.ca\/International\/wp-content\/uploads\/sites\/23\/2021\/06\/ESPAGNE.jpg 864w, https:\/\/www.challenge.ma\/wp-content\/uploads\/2021\/06\/ESPAGNE-300x169.jpg 300w, https:\/\/www.challenge.ma\/wp-content\/uploads\/2021\/06\/ESPAGNE-768x432.jpg 768w, https:\/\/www.challenge.ma\/wp-content\/uploads\/2021\/06\/ESPAGNE-360x203.jpg 360w, https:\/\/www.challenge.ma\/wp-content\/uploads\/2021\/06\/ESPAGNE-750x422.jpg 750w\" sizes=\"auto, (max-width: 864px) 100vw, 864px\" itemprop=\"image\">L\u2019accueil de Brahim Ghali en Espagne pour y \u00eatre soign\u00e9 a provoqu\u00e9 une crise diplomatique majeure entre Rabat et Madrid. Un peu plus d\u2019un mois apr\u00e8s le d\u00e9clenchement de cette crise, Arancha Gonzalez Laya, ministre espagnole des Affaires \u00e9trang\u00e8res, a accord\u00e9 une interview au m\u00e9dia espagnol La Vanguardia, parue ce<\/div>\n<p>Auteur: challenge<br \/>\n<a href=\"https:\/\/www.challenge.ma\/arancha-gonzalez-laya-ministre-espagnole-des-affaires-etrangeres-nous-sommes-ouverts-a-ecouter-le-maroc-sur-le-sahara-interview-189180\/\">Cliquez ici pour lire l&rsquo;article depuis sa source.<\/a><\/p>\n","protected":false},"excerpt":{"rendered":"<p>L\u2019accueil de Brahim Ghali en Espagne pour y \u00eatre soign\u00e9 a provoqu\u00e9 une crise diplomatique majeure entre Rabat et Madrid. Un peu plus d\u2019un mois apr\u00e8s le d\u00e9clenchement de cette crise, Arancha Gonzalez Laya, ministre espagnole des Affaires \u00e9trang\u00e8res, a accord\u00e9 une interview au m\u00e9dia espagnol La Vanguardia, parue ce Auteur: challenge Cliquez ici pour [&hellip;]<\/p>\n","protected":false},"author":1787,"featured_media":0,"comment_status":"closed","ping_status":"closed","sticky":false,"template":"","format":"standard","meta":{"fifu_image_url":"https:\/\/www.challenge.ma\/wp-content\/uploads\/2021\/06\/ESPAGNE.jpg","fifu_image_alt":"Arancha Gonzalez Laya, ministre espagnole des Affaires \u00e9trang\u00e8res : \u00abnous sommes ouverts \u00e0 \u00e9couter le Maroc sur le Sahara\u00bb [Interview]","footnotes":""},"categories":[78,54],"tags":[],"class_list":["post-119003","post","type-post","status-publish","format-standard","hentry","category-economie","category-maroc"],"_links":{"self":[{"href":"https:\/\/linitiative.ca\/International\/wp-json\/wp\/v2\/posts\/119003","targetHints":{"allow":["GET"]}}],"collection":[{"href":"https:\/\/linitiative.ca\/International\/wp-json\/wp\/v2\/posts"}],"about":[{"href":"https:\/\/linitiative.ca\/International\/wp-json\/wp\/v2\/types\/post"}],"author":[{"embeddable":true,"href":"https:\/\/linitiative.ca\/International\/wp-json\/wp\/v2\/users\/1787"}],"replies":[{"embeddable":true,"href":"https:\/\/linitiative.ca\/International\/wp-json\/wp\/v2\/comments?post=119003"}],"version-history":[{"count":0,"href":"https:\/\/linitiative.ca\/International\/wp-json\/wp\/v2\/posts\/119003\/revisions"}],"wp:attachment":[{"href":"https:\/\/linitiative.ca\/International\/wp-json\/wp\/v2\/media?parent=119003"}],"wp:term":[{"taxonomy":"category","embeddable":true,"href":"https:\/\/linitiative.ca\/International\/wp-json\/wp\/v2\/categories?post=119003"},{"taxonomy":"post_tag","embeddable":true,"href":"https:\/\/linitiative.ca\/International\/wp-json\/wp\/v2\/tags?post=119003"}],"curies":[{"name":"wp","href":"https:\/\/api.w.org\/{rel}","templated":true}]}}