{"id":119005,"date":"2021-06-20T07:37:42","date_gmt":"2021-06-20T11:37:42","guid":{"rendered":"https:\/\/linitiative.ca\/International\/nouvelles-mini-elles-montent-toutes-en-gamme\/"},"modified":"2021-06-20T07:37:42","modified_gmt":"2021-06-20T11:37:42","slug":"nouvelles-mini-elles-montent-toutes-en-gamme","status":"publish","type":"post","link":"https:\/\/linitiative.ca\/International\/nouvelles-mini-elles-montent-toutes-en-gamme\/","title":{"rendered":"Nouvelles MINI. Elles montent toutes en gamme"},"content":{"rendered":"<div><img decoding=\"async\" width=\"1200\" height=\"800\" src=\"https:\/\/linitiative.ca\/International\/wp-content\/uploads\/sites\/23\/2021\/06\/OUV-1-1.jpg\" class=\"attachment-post-thumbnail size-post-thumbnail wp-post-image\" alt=\"\" loading=\"lazy\" srcset=\"https:\/\/linitiative.ca\/International\/wp-content\/uploads\/sites\/23\/2021\/06\/OUV-1-1.jpg 1200w, https:\/\/www.challenge.ma\/wp-content\/uploads\/2021\/06\/OUV-1-1-300x200.jpg 300w, https:\/\/www.challenge.ma\/wp-content\/uploads\/2021\/06\/OUV-1-1-1024x683.jpg 1024w, https:\/\/www.challenge.ma\/wp-content\/uploads\/2021\/06\/OUV-1-1-768x512.jpg 768w, https:\/\/www.challenge.ma\/wp-content\/uploads\/2021\/06\/OUV-1-1-360x240.jpg 360w, https:\/\/www.challenge.ma\/wp-content\/uploads\/2021\/06\/OUV-1-1-750x500.jpg 750w\" sizes=\"auto, (max-width: 1200px) 100vw, 1200px\" itemprop=\"image\">Quelques vingt ann\u00e9es apr\u00e8s la sortie de la MINI moderne (sous l\u2019\u00e8re du groupe BMW), la marque britannique a, depuis peu, insuffl\u00e9 un petit coup de jeune \u00e0 son embl\u00e9matique citadine premium dans toutes ses d\u00e9clinaisons, notamment les trois et cinq-portes, ainsi que le cabriolet. Une nouvelle gamme qui fait<\/div>\n<p>Auteur: challenge<br \/>\n<a href=\"https:\/\/www.challenge.ma\/nouvelles-mini-elles-montent-toutes-en-gamme-189160\/\">Cliquez ici pour lire l&rsquo;article depuis sa source.<\/a><\/p>\n","protected":false},"excerpt":{"rendered":"<p>Quelques vingt ann\u00e9es apr\u00e8s la sortie de la MINI moderne (sous l\u2019\u00e8re du groupe BMW), la marque britannique a, depuis peu, insuffl\u00e9 un petit coup de jeune \u00e0 son embl\u00e9matique citadine premium dans toutes ses d\u00e9clinaisons, notamment les trois et cinq-portes, ainsi que le cabriolet. Une nouvelle gamme qui fait Auteur: challenge Cliquez ici pour [&hellip;]<\/p>\n","protected":false},"author":1787,"featured_media":0,"comment_status":"closed","ping_status":"closed","sticky":false,"template":"","format":"standard","meta":{"fifu_image_url":"https:\/\/www.challenge.ma\/wp-content\/uploads\/2021\/06\/OUV-1-1.jpg","fifu_image_alt":"Nouvelles MINI. Elles montent toutes en gamme","footnotes":""},"categories":[78,54],"tags":[],"class_list":["post-119005","post","type-post","status-publish","format-standard","hentry","category-economie","category-maroc"],"_links":{"self":[{"href":"https:\/\/linitiative.ca\/International\/wp-json\/wp\/v2\/posts\/119005","targetHints":{"allow":["GET"]}}],"collection":[{"href":"https:\/\/linitiative.ca\/International\/wp-json\/wp\/v2\/posts"}],"about":[{"href":"https:\/\/linitiative.ca\/International\/wp-json\/wp\/v2\/types\/post"}],"author":[{"embeddable":true,"href":"https:\/\/linitiative.ca\/International\/wp-json\/wp\/v2\/users\/1787"}],"replies":[{"embeddable":true,"href":"https:\/\/linitiative.ca\/International\/wp-json\/wp\/v2\/comments?post=119005"}],"version-history":[{"count":0,"href":"https:\/\/linitiative.ca\/International\/wp-json\/wp\/v2\/posts\/119005\/revisions"}],"wp:attachment":[{"href":"https:\/\/linitiative.ca\/International\/wp-json\/wp\/v2\/media?parent=119005"}],"wp:term":[{"taxonomy":"category","embeddable":true,"href":"https:\/\/linitiative.ca\/International\/wp-json\/wp\/v2\/categories?post=119005"},{"taxonomy":"post_tag","embeddable":true,"href":"https:\/\/linitiative.ca\/International\/wp-json\/wp\/v2\/tags?post=119005"}],"curies":[{"name":"wp","href":"https:\/\/api.w.org\/{rel}","templated":true}]}}