{"id":119007,"date":"2021-06-20T08:26:27","date_gmt":"2021-06-20T12:26:27","guid":{"rendered":"https:\/\/linitiative.ca\/International\/ismail-ould-cheikh-ahmed-sur-le-sahara-la-mauritanie-ne-joue-pas-un-role-de-mediateur-mais-elle-maintient-sa-position-de-neutralite-positive\/"},"modified":"2021-06-20T08:26:27","modified_gmt":"2021-06-20T12:26:27","slug":"ismail-ould-cheikh-ahmed-sur-le-sahara-la-mauritanie-ne-joue-pas-un-role-de-mediateur-mais-elle-maintient-sa-position-de-neutralite-positive","status":"publish","type":"post","link":"https:\/\/linitiative.ca\/International\/ismail-ould-cheikh-ahmed-sur-le-sahara-la-mauritanie-ne-joue-pas-un-role-de-mediateur-mais-elle-maintient-sa-position-de-neutralite-positive\/","title":{"rendered":"Ismail Ould Cheikh Ahmed :\u00absur le Sahara, la Mauritanie ne joue pas un r\u00f4le de m\u00e9diateur, mais elle maintient sa position de neutralit\u00e9 positive\u00bb"},"content":{"rendered":"<div><img decoding=\"async\" width=\"750\" height=\"484\" src=\"https:\/\/linitiative.ca\/International\/wp-content\/uploads\/sites\/23\/2021\/06\/MAURITANIE.jpg\" class=\"attachment-post-thumbnail size-post-thumbnail wp-post-image\" alt=\"\" loading=\"lazy\" srcset=\"https:\/\/linitiative.ca\/International\/wp-content\/uploads\/sites\/23\/2021\/06\/MAURITANIE.jpg 750w, https:\/\/www.challenge.ma\/wp-content\/uploads\/2021\/06\/MAURITANIE-300x194.jpg 300w, https:\/\/www.challenge.ma\/wp-content\/uploads\/2021\/06\/MAURITANIE-360x232.jpg 360w\" sizes=\"auto, (max-width: 750px) 100vw, 750px\" itemprop=\"image\">Le Chef de la diplomatie mauritanienne, Ismail Ould Cheikh Ahmed, a accord\u00e9 une interview \u00e0 Jeune Afrique. L\u2019occasion de revenir sur les relations entre le Maroc et le Mauritanie mais aussi la question du Sahara. Ismail Ould Cheikh Ahmed, s\u2019est pr\u00eat\u00e9 au jeu des questions de Jeune Afrique qui a<\/div>\n<p>Auteur: challenge<br \/>\n<a href=\"https:\/\/www.challenge.ma\/ismail-ould-cheikh-ahmed-ministre-mauritanien-des-affaires-etrangeres-pour-le-sahara-la-mauritanie-ne-joue-pas-un-role-de-mediateur-mais-elle-maintient-sa-position-de-neutralite-positive-189192\/\">Cliquez ici pour lire l&rsquo;article depuis sa source.<\/a><\/p>\n","protected":false},"excerpt":{"rendered":"<p>Le Chef de la diplomatie mauritanienne, Ismail Ould Cheikh Ahmed, a accord\u00e9 une interview \u00e0 Jeune Afrique. L\u2019occasion de revenir sur les relations entre le Maroc et le Mauritanie mais aussi la question du Sahara. Ismail Ould Cheikh Ahmed, s\u2019est pr\u00eat\u00e9 au jeu des questions de Jeune Afrique qui a Auteur: challenge Cliquez ici pour [&hellip;]<\/p>\n","protected":false},"author":1787,"featured_media":0,"comment_status":"closed","ping_status":"closed","sticky":false,"template":"","format":"standard","meta":{"fifu_image_url":"https:\/\/www.challenge.ma\/wp-content\/uploads\/2021\/06\/MAURITANIE.jpg","fifu_image_alt":"Ismail Ould Cheikh Ahmed :\u00absur le Sahara, la Mauritanie ne joue pas un r\u00f4le de m\u00e9diateur, mais elle maintient sa position de neutralit\u00e9 positive\u00bb","footnotes":""},"categories":[78,54],"tags":[],"class_list":["post-119007","post","type-post","status-publish","format-standard","hentry","category-economie","category-maroc"],"_links":{"self":[{"href":"https:\/\/linitiative.ca\/International\/wp-json\/wp\/v2\/posts\/119007","targetHints":{"allow":["GET"]}}],"collection":[{"href":"https:\/\/linitiative.ca\/International\/wp-json\/wp\/v2\/posts"}],"about":[{"href":"https:\/\/linitiative.ca\/International\/wp-json\/wp\/v2\/types\/post"}],"author":[{"embeddable":true,"href":"https:\/\/linitiative.ca\/International\/wp-json\/wp\/v2\/users\/1787"}],"replies":[{"embeddable":true,"href":"https:\/\/linitiative.ca\/International\/wp-json\/wp\/v2\/comments?post=119007"}],"version-history":[{"count":0,"href":"https:\/\/linitiative.ca\/International\/wp-json\/wp\/v2\/posts\/119007\/revisions"}],"wp:attachment":[{"href":"https:\/\/linitiative.ca\/International\/wp-json\/wp\/v2\/media?parent=119007"}],"wp:term":[{"taxonomy":"category","embeddable":true,"href":"https:\/\/linitiative.ca\/International\/wp-json\/wp\/v2\/categories?post=119007"},{"taxonomy":"post_tag","embeddable":true,"href":"https:\/\/linitiative.ca\/International\/wp-json\/wp\/v2\/tags?post=119007"}],"curies":[{"name":"wp","href":"https:\/\/api.w.org\/{rel}","templated":true}]}}