{"id":119009,"date":"2021-06-20T10:33:06","date_gmt":"2021-06-20T14:33:06","guid":{"rendered":"https:\/\/linitiative.ca\/International\/rene-marc-chikli-pdt-du-syndicat-francais-des-entreprises-de-tour-operating-la-decision-du-maroc-de-placer-la-france-sur-sa-liste-a-et-douvrir-ses-frontieres-nous-a-fait-plaisir-et-no\/"},"modified":"2021-06-20T10:33:06","modified_gmt":"2021-06-20T14:33:06","slug":"rene-marc-chikli-pdt-du-syndicat-francais-des-entreprises-de-tour-operating-la-decision-du-maroc-de-placer-la-france-sur-sa-liste-a-et-douvrir-ses-frontieres-nous-a-fait-plaisir-et-no","status":"publish","type":"post","link":"https:\/\/linitiative.ca\/International\/rene-marc-chikli-pdt-du-syndicat-francais-des-entreprises-de-tour-operating-la-decision-du-maroc-de-placer-la-france-sur-sa-liste-a-et-douvrir-ses-frontieres-nous-a-fait-plaisir-et-no\/","title":{"rendered":"Ren\u00e9-Marc Chikli, Pdt du Syndicat fran\u00e7ais des Entreprises de Tour Operating :\u00abla d\u00e9cision du Maroc de placer la France sur sa liste A et d\u2019ouvrir ses fronti\u00e8res nous a fait plaisir et nous arrange\u00bb"},"content":{"rendered":"<div><img decoding=\"async\" width=\"835\" height=\"481\" src=\"https:\/\/linitiative.ca\/International\/wp-content\/uploads\/sites\/23\/2021\/06\/FRANCE.jpg\" class=\"attachment-post-thumbnail size-post-thumbnail wp-post-image\" alt=\"\" loading=\"lazy\" srcset=\"https:\/\/linitiative.ca\/International\/wp-content\/uploads\/sites\/23\/2021\/06\/FRANCE.jpg 835w, https:\/\/www.challenge.ma\/wp-content\/uploads\/2021\/06\/FRANCE-300x173.jpg 300w, https:\/\/www.challenge.ma\/wp-content\/uploads\/2021\/06\/FRANCE-768x442.jpg 768w, https:\/\/www.challenge.ma\/wp-content\/uploads\/2021\/06\/FRANCE-360x207.jpg 360w, https:\/\/www.challenge.ma\/wp-content\/uploads\/2021\/06\/FRANCE-750x432.jpg 750w\" sizes=\"auto, (max-width: 835px) 100vw, 835px\" itemprop=\"image\">Les tour-op\u00e9rateurs fran\u00e7ais sont attentifs au moindre signe d\u2019encourageant du gouvernement marocain. Apr\u00e8s des mois d\u2019arr\u00eat du tourisme afin de lutter contre la pand\u00e9mie de Covid-19, le Maroc a rouvert ses fronti\u00e8res a\u00e9riennes le 15 juin 2021. Sur les deux listes mises en place, les Fran\u00e7ais font partie de la<\/div>\n<p>Auteur: Adama Sylla<br \/>\n<a href=\"https:\/\/www.challenge.ma\/rene-marc-chikli-pdt-du-syndicat-francais-des-entreprises-de-tour-operating-la-decision-du-maroc-de-placer-la-france-sur-sa-liste-a-et-douvrir-ses-frontieres-nous-a-fait-plaisir-et-189204\/\">Cliquez ici pour lire l&rsquo;article depuis sa source.<\/a><\/p>\n","protected":false},"excerpt":{"rendered":"<p>Les tour-op\u00e9rateurs fran\u00e7ais sont attentifs au moindre signe d\u2019encourageant du gouvernement marocain. Apr\u00e8s des mois d\u2019arr\u00eat du tourisme afin de lutter contre la pand\u00e9mie de Covid-19, le Maroc a rouvert ses fronti\u00e8res a\u00e9riennes le 15 juin 2021. Sur les deux listes mises en place, les Fran\u00e7ais font partie de la Auteur: Adama Sylla Cliquez ici [&hellip;]<\/p>\n","protected":false},"author":1787,"featured_media":0,"comment_status":"closed","ping_status":"closed","sticky":false,"template":"","format":"standard","meta":{"fifu_image_url":"https:\/\/www.challenge.ma\/wp-content\/uploads\/2021\/06\/FRANCE.jpg","fifu_image_alt":"Ren\u00e9-Marc Chikli, Pdt du Syndicat fran\u00e7ais des Entreprises de Tour Operating :\u00abla d\u00e9cision du Maroc de placer la France sur sa liste A et d\u2019ouvrir ses fronti\u00e8res nous a fait plaisir et nous arrange\u00bb","footnotes":""},"categories":[78,54],"tags":[],"class_list":["post-119009","post","type-post","status-publish","format-standard","hentry","category-economie","category-maroc"],"_links":{"self":[{"href":"https:\/\/linitiative.ca\/International\/wp-json\/wp\/v2\/posts\/119009","targetHints":{"allow":["GET"]}}],"collection":[{"href":"https:\/\/linitiative.ca\/International\/wp-json\/wp\/v2\/posts"}],"about":[{"href":"https:\/\/linitiative.ca\/International\/wp-json\/wp\/v2\/types\/post"}],"author":[{"embeddable":true,"href":"https:\/\/linitiative.ca\/International\/wp-json\/wp\/v2\/users\/1787"}],"replies":[{"embeddable":true,"href":"https:\/\/linitiative.ca\/International\/wp-json\/wp\/v2\/comments?post=119009"}],"version-history":[{"count":0,"href":"https:\/\/linitiative.ca\/International\/wp-json\/wp\/v2\/posts\/119009\/revisions"}],"wp:attachment":[{"href":"https:\/\/linitiative.ca\/International\/wp-json\/wp\/v2\/media?parent=119009"}],"wp:term":[{"taxonomy":"category","embeddable":true,"href":"https:\/\/linitiative.ca\/International\/wp-json\/wp\/v2\/categories?post=119009"},{"taxonomy":"post_tag","embeddable":true,"href":"https:\/\/linitiative.ca\/International\/wp-json\/wp\/v2\/tags?post=119009"}],"curies":[{"name":"wp","href":"https:\/\/api.w.org\/{rel}","templated":true}]}}