{"id":119013,"date":"2021-06-20T16:12:53","date_gmt":"2021-06-20T20:12:53","guid":{"rendered":"https:\/\/linitiative.ca\/International\/siliana-coronavirus-imposition-dun-confinement-general\/"},"modified":"2021-06-20T16:12:53","modified_gmt":"2021-06-20T20:12:53","slug":"siliana-coronavirus-imposition-dun-confinement-general","status":"publish","type":"post","link":"https:\/\/linitiative.ca\/International\/siliana-coronavirus-imposition-dun-confinement-general\/","title":{"rendered":"Siliana-Coronavirus : Imposition d\u2019un confinement g\u00e9n\u00e9ral"},"content":{"rendered":"<div>\n<p>Le comit\u00e9 R\u00e9gional de Gestion des Catastrophes de Siliana a d\u00e9cid\u00e9 aujourd\u2019hui 20 juin 2021, d\u2019imposer un confinement g\u00e9n\u00e9ral dans toutes les d\u00e9l\u00e9gations de la r\u00e9gion pour une semaine , \u00e0 compter de demain 21 juin 2021, \u00e0 l\u2019exception des \u00e9tablissements \u00e9ducatifs pour achever les examens nationaux et l\u2019ann\u00e9e scolaire. Il a \u00e9t\u00e9 \u00e9galement d\u00e9cid\u00e9 [\u2026]<\/p>\n<p>L\u2019article <a href=\"https:\/\/www.tunisienumerique.com\/siliana-coronavirus-imposition-dun-confinement-general\/\">Siliana-Coronavirus : Imposition d\u2019un confinement g\u00e9n\u00e9ral<\/a> est apparu en premier sur <a href=\"https:\/\/www.tunisienumerique.com\/\">Tunisie<\/a>.<\/p>\n<\/div>\n<p>Auteur: rania ben slimane<br \/>\n<a href=\"https:\/\/www.tunisienumerique.com\/siliana-coronavirus-imposition-dun-confinement-general\/\">Cliquez ici pour lire l&rsquo;article depuis sa source.<\/a><\/p>\n","protected":false},"excerpt":{"rendered":"<p>Le comit\u00e9 R\u00e9gional de Gestion des Catastrophes de Siliana a d\u00e9cid\u00e9 aujourd\u2019hui 20 juin 2021, d\u2019imposer un confinement g\u00e9n\u00e9ral dans toutes les d\u00e9l\u00e9gations de la r\u00e9gion pour une semaine , \u00e0 compter de demain 21 juin 2021, \u00e0 l\u2019exception des \u00e9tablissements \u00e9ducatifs pour achever les examens nationaux et l\u2019ann\u00e9e scolaire. Il a \u00e9t\u00e9 \u00e9galement d\u00e9cid\u00e9 [&hellip;]<\/p>\n","protected":false},"author":1789,"featured_media":0,"comment_status":"closed","ping_status":"closed","sticky":false,"template":"","format":"standard","meta":{"fifu_image_url":"","fifu_image_alt":"","footnotes":""},"categories":[73,55],"tags":[],"class_list":["post-119013","post","type-post","status-publish","format-standard","hentry","category-actualite","category-tunisie"],"_links":{"self":[{"href":"https:\/\/linitiative.ca\/International\/wp-json\/wp\/v2\/posts\/119013","targetHints":{"allow":["GET"]}}],"collection":[{"href":"https:\/\/linitiative.ca\/International\/wp-json\/wp\/v2\/posts"}],"about":[{"href":"https:\/\/linitiative.ca\/International\/wp-json\/wp\/v2\/types\/post"}],"author":[{"embeddable":true,"href":"https:\/\/linitiative.ca\/International\/wp-json\/wp\/v2\/users\/1789"}],"replies":[{"embeddable":true,"href":"https:\/\/linitiative.ca\/International\/wp-json\/wp\/v2\/comments?post=119013"}],"version-history":[{"count":0,"href":"https:\/\/linitiative.ca\/International\/wp-json\/wp\/v2\/posts\/119013\/revisions"}],"wp:attachment":[{"href":"https:\/\/linitiative.ca\/International\/wp-json\/wp\/v2\/media?parent=119013"}],"wp:term":[{"taxonomy":"category","embeddable":true,"href":"https:\/\/linitiative.ca\/International\/wp-json\/wp\/v2\/categories?post=119013"},{"taxonomy":"post_tag","embeddable":true,"href":"https:\/\/linitiative.ca\/International\/wp-json\/wp\/v2\/tags?post=119013"}],"curies":[{"name":"wp","href":"https:\/\/api.w.org\/{rel}","templated":true}]}}