{"id":119014,"date":"2021-06-20T16:17:15","date_gmt":"2021-06-20T20:17:15","guid":{"rendered":"https:\/\/linitiative.ca\/International\/covid-19-quelle-gravite-et-quels-symptomes-pour-le-variant-delta\/"},"modified":"2021-06-20T16:17:15","modified_gmt":"2021-06-20T20:17:15","slug":"covid-19-quelle-gravite-et-quels-symptomes-pour-le-variant-delta","status":"publish","type":"post","link":"https:\/\/linitiative.ca\/International\/covid-19-quelle-gravite-et-quels-symptomes-pour-le-variant-delta\/","title":{"rendered":"Covid 19\u00a0: Quelle gravit\u00e9 et quels sympt\u00f4mes pour le variant \u00ab\u00a0Delta\u00a0\u00bb\u00a0?"},"content":{"rendered":"<div>\n<p>Le\u00a0variant Delta\u00a0du coronavirus, identifi\u00e9 en Inde en avril dernier, fait planer la menace d\u2019une nouvelle propagation de la COVID-19. Cette nouvelle souche repr\u00e9sente \u201centre 2 et 4% des cas positifs\u201d d\u00e9pist\u00e9s en France, par exemple,\u00a0 soit \u201c50 \u00e0 150 nouveaux diagnostics\u201d par jour. Ce taux \u00e9tait de 0,5%, il y a 3 semaines. \u00c7\u00e0 a [\u2026]<\/p>\n<p>L\u2019article <a href=\"https:\/\/www.tunisienumerique.com\/covid-19-quelle-gravite-et-quels-symptomes-pour-le-variant-delta\/\">Covid 19\u00a0: Quelle gravit\u00e9 et quels sympt\u00f4mes pour le variant \u00ab\u00a0Delta\u00a0\u00bb\u00a0?<\/a> est apparu en premier sur <a href=\"https:\/\/www.tunisienumerique.com\/\">Tunisie<\/a>.<\/p>\n<\/div>\n<p>Auteur: LM<br \/>\n<a href=\"https:\/\/www.tunisienumerique.com\/covid-19-quelle-gravite-et-quels-symptomes-pour-le-variant-delta\/\">Cliquez ici pour lire l&rsquo;article depuis sa source.<\/a><\/p>\n","protected":false},"excerpt":{"rendered":"<p>Le\u00a0variant Delta\u00a0du coronavirus, identifi\u00e9 en Inde en avril dernier, fait planer la menace d\u2019une nouvelle propagation de la COVID-19. Cette nouvelle souche repr\u00e9sente \u201centre 2 et 4% des cas positifs\u201d d\u00e9pist\u00e9s en France, par exemple,\u00a0 soit \u201c50 \u00e0 150 nouveaux diagnostics\u201d par jour. Ce taux \u00e9tait de 0,5%, il y a 3 semaines. \u00c7\u00e0 a [&hellip;]<\/p>\n","protected":false},"author":1789,"featured_media":0,"comment_status":"closed","ping_status":"closed","sticky":false,"template":"","format":"standard","meta":{"fifu_image_url":"","fifu_image_alt":"","footnotes":""},"categories":[73,55],"tags":[],"class_list":["post-119014","post","type-post","status-publish","format-standard","hentry","category-actualite","category-tunisie"],"_links":{"self":[{"href":"https:\/\/linitiative.ca\/International\/wp-json\/wp\/v2\/posts\/119014","targetHints":{"allow":["GET"]}}],"collection":[{"href":"https:\/\/linitiative.ca\/International\/wp-json\/wp\/v2\/posts"}],"about":[{"href":"https:\/\/linitiative.ca\/International\/wp-json\/wp\/v2\/types\/post"}],"author":[{"embeddable":true,"href":"https:\/\/linitiative.ca\/International\/wp-json\/wp\/v2\/users\/1789"}],"replies":[{"embeddable":true,"href":"https:\/\/linitiative.ca\/International\/wp-json\/wp\/v2\/comments?post=119014"}],"version-history":[{"count":0,"href":"https:\/\/linitiative.ca\/International\/wp-json\/wp\/v2\/posts\/119014\/revisions"}],"wp:attachment":[{"href":"https:\/\/linitiative.ca\/International\/wp-json\/wp\/v2\/media?parent=119014"}],"wp:term":[{"taxonomy":"category","embeddable":true,"href":"https:\/\/linitiative.ca\/International\/wp-json\/wp\/v2\/categories?post=119014"},{"taxonomy":"post_tag","embeddable":true,"href":"https:\/\/linitiative.ca\/International\/wp-json\/wp\/v2\/tags?post=119014"}],"curies":[{"name":"wp","href":"https:\/\/api.w.org\/{rel}","templated":true}]}}