{"id":119016,"date":"2021-06-20T16:48:56","date_gmt":"2021-06-20T20:48:56","guid":{"rendered":"https:\/\/linitiative.ca\/International\/kasserine-imposition-dun-confinement-cible\/"},"modified":"2021-06-20T16:48:56","modified_gmt":"2021-06-20T20:48:56","slug":"kasserine-imposition-dun-confinement-cible","status":"publish","type":"post","link":"https:\/\/linitiative.ca\/International\/kasserine-imposition-dun-confinement-cible\/","title":{"rendered":"Kasserine : Imposition d\u2019un confinement cibl\u00e9"},"content":{"rendered":"<div>\n<p>Le gouverneur de Kasserine, Adel Mabrouk a d\u00e9cid\u00e9 le 20 juin 2021, d\u2019imposer un confinement cibl\u00e9 dans les d\u00e9l\u00e9gations de Hassi El Ferid et Majel Abbess, \u00e0 partir de demain lundi, en raison de l\u2019augmentation significative du nombre d\u2019infections au Coronavirus. Il a annonc\u00e9 par la m\u00eame occasion, l\u2019application du confinement g\u00e9n\u00e9ral aux d\u00e9l\u00e9gations susvis\u00e9es [\u2026]<\/p>\n<p>L\u2019article <a href=\"https:\/\/www.tunisienumerique.com\/kasserine-imposition-dun-confinement-cible\/\">Kasserine : Imposition d\u2019un confinement cibl\u00e9<\/a> est apparu en premier sur <a href=\"https:\/\/www.tunisienumerique.com\/\">Tunisie<\/a>.<\/p>\n<\/div>\n<p>Auteur: rania ben slimane<br \/>\n<a href=\"https:\/\/www.tunisienumerique.com\/kasserine-imposition-dun-confinement-cible\/\">Cliquez ici pour lire l&rsquo;article depuis sa source.<\/a><\/p>\n","protected":false},"excerpt":{"rendered":"<p>Le gouverneur de Kasserine, Adel Mabrouk a d\u00e9cid\u00e9 le 20 juin 2021, d\u2019imposer un confinement cibl\u00e9 dans les d\u00e9l\u00e9gations de Hassi El Ferid et Majel Abbess, \u00e0 partir de demain lundi, en raison de l\u2019augmentation significative du nombre d\u2019infections au Coronavirus. Il a annonc\u00e9 par la m\u00eame occasion, l\u2019application du confinement g\u00e9n\u00e9ral aux d\u00e9l\u00e9gations susvis\u00e9es [&hellip;]<\/p>\n","protected":false},"author":1789,"featured_media":0,"comment_status":"closed","ping_status":"closed","sticky":false,"template":"","format":"standard","meta":{"fifu_image_url":"","fifu_image_alt":"","footnotes":""},"categories":[73,55],"tags":[],"class_list":["post-119016","post","type-post","status-publish","format-standard","hentry","category-actualite","category-tunisie"],"_links":{"self":[{"href":"https:\/\/linitiative.ca\/International\/wp-json\/wp\/v2\/posts\/119016","targetHints":{"allow":["GET"]}}],"collection":[{"href":"https:\/\/linitiative.ca\/International\/wp-json\/wp\/v2\/posts"}],"about":[{"href":"https:\/\/linitiative.ca\/International\/wp-json\/wp\/v2\/types\/post"}],"author":[{"embeddable":true,"href":"https:\/\/linitiative.ca\/International\/wp-json\/wp\/v2\/users\/1789"}],"replies":[{"embeddable":true,"href":"https:\/\/linitiative.ca\/International\/wp-json\/wp\/v2\/comments?post=119016"}],"version-history":[{"count":0,"href":"https:\/\/linitiative.ca\/International\/wp-json\/wp\/v2\/posts\/119016\/revisions"}],"wp:attachment":[{"href":"https:\/\/linitiative.ca\/International\/wp-json\/wp\/v2\/media?parent=119016"}],"wp:term":[{"taxonomy":"category","embeddable":true,"href":"https:\/\/linitiative.ca\/International\/wp-json\/wp\/v2\/categories?post=119016"},{"taxonomy":"post_tag","embeddable":true,"href":"https:\/\/linitiative.ca\/International\/wp-json\/wp\/v2\/tags?post=119016"}],"curies":[{"name":"wp","href":"https:\/\/api.w.org\/{rel}","templated":true}]}}