{"id":119017,"date":"2021-06-20T17:16:25","date_gmt":"2021-06-20T21:16:25","guid":{"rendered":"https:\/\/linitiative.ca\/International\/beja-plage-de-mkasseb-deces-dun-jeune-homme\/"},"modified":"2021-06-20T17:16:25","modified_gmt":"2021-06-20T21:16:25","slug":"beja-plage-de-mkasseb-deces-dun-jeune-homme","status":"publish","type":"post","link":"https:\/\/linitiative.ca\/International\/beja-plage-de-mkasseb-deces-dun-jeune-homme\/","title":{"rendered":"B\u00e9ja-Plage de Mkasseb : D\u00e9c\u00e8s d\u2019un jeune homme"},"content":{"rendered":"<div>\n<p>La plage de Mkasseb de la d\u00e9l\u00e9gation de Nefza du gouvernorat de B\u00e9ja a \u00e9t\u00e9 t\u00e9moin ce dimanche apr\u00e8s-midi, un cas de noyade d\u2019un jeune de 28 ans originaire de Tunis.<\/p>\n<p>L\u2019article <a href=\"https:\/\/www.tunisienumerique.com\/beja-plage-de-mkasseb-deces-dun-jeune-homme\/\">B\u00e9ja-Plage de Mkasseb : D\u00e9c\u00e8s d\u2019un jeune homme<\/a> est apparu en premier sur <a href=\"https:\/\/www.tunisienumerique.com\/\">Tunisie<\/a>.<\/p>\n<\/div>\n<p>Auteur: rania ben slimane<br \/>\n<a href=\"https:\/\/www.tunisienumerique.com\/beja-plage-de-mkasseb-deces-dun-jeune-homme\/\">Cliquez ici pour lire l&rsquo;article depuis sa source.<\/a><\/p>\n","protected":false},"excerpt":{"rendered":"<p>La plage de Mkasseb de la d\u00e9l\u00e9gation de Nefza du gouvernorat de B\u00e9ja a \u00e9t\u00e9 t\u00e9moin ce dimanche apr\u00e8s-midi, un cas de noyade d\u2019un jeune de 28 ans originaire de Tunis. L\u2019article B\u00e9ja-Plage de Mkasseb : D\u00e9c\u00e8s d\u2019un jeune homme est apparu en premier sur Tunisie. Auteur: rania ben slimane Cliquez ici pour lire l&rsquo;article [&hellip;]<\/p>\n","protected":false},"author":1789,"featured_media":0,"comment_status":"closed","ping_status":"closed","sticky":false,"template":"","format":"standard","meta":{"fifu_image_url":"","fifu_image_alt":"","footnotes":""},"categories":[73,55],"tags":[],"class_list":["post-119017","post","type-post","status-publish","format-standard","hentry","category-actualite","category-tunisie"],"_links":{"self":[{"href":"https:\/\/linitiative.ca\/International\/wp-json\/wp\/v2\/posts\/119017","targetHints":{"allow":["GET"]}}],"collection":[{"href":"https:\/\/linitiative.ca\/International\/wp-json\/wp\/v2\/posts"}],"about":[{"href":"https:\/\/linitiative.ca\/International\/wp-json\/wp\/v2\/types\/post"}],"author":[{"embeddable":true,"href":"https:\/\/linitiative.ca\/International\/wp-json\/wp\/v2\/users\/1789"}],"replies":[{"embeddable":true,"href":"https:\/\/linitiative.ca\/International\/wp-json\/wp\/v2\/comments?post=119017"}],"version-history":[{"count":0,"href":"https:\/\/linitiative.ca\/International\/wp-json\/wp\/v2\/posts\/119017\/revisions"}],"wp:attachment":[{"href":"https:\/\/linitiative.ca\/International\/wp-json\/wp\/v2\/media?parent=119017"}],"wp:term":[{"taxonomy":"category","embeddable":true,"href":"https:\/\/linitiative.ca\/International\/wp-json\/wp\/v2\/categories?post=119017"},{"taxonomy":"post_tag","embeddable":true,"href":"https:\/\/linitiative.ca\/International\/wp-json\/wp\/v2\/tags?post=119017"}],"curies":[{"name":"wp","href":"https:\/\/api.w.org\/{rel}","templated":true}]}}