{"id":119019,"date":"2021-06-20T17:33:28","date_gmt":"2021-06-20T21:33:28","guid":{"rendered":"https:\/\/linitiative.ca\/International\/promotion-du-tourisme-la-destination-vanuatu-presentee-aux-burkinabe\/"},"modified":"2021-06-20T17:33:28","modified_gmt":"2021-06-20T21:33:28","slug":"promotion-du-tourisme-la-destination-vanuatu-presentee-aux-burkinabe","status":"publish","type":"post","link":"https:\/\/linitiative.ca\/International\/promotion-du-tourisme-la-destination-vanuatu-presentee-aux-burkinabe\/","title":{"rendered":"Promotion du tourisme : la destination Vanuatu pr\u00e9sent\u00e9e aux Burkinab\u00e8"},"content":{"rendered":"<div>\n<p><strong>L\u2019association \u00ab\u00a0Yaka Yakou\u00a0\u00bb a organis\u00e9, le vendredi 18 juin 2021 \u00e0 Ouagadougou, une conf\u00e9rence publique pour pr\u00e9senter les potentialit\u00e9s culturelles et \u00e9conomiques de la R\u00e9publique du Vanuatu.<\/strong><\/p>\n<p>Les \u00e9changes interculturels et le rapprochement des peuples d\u2019Afrique et les \u00ab\u00a0descendants d\u2019esclaves\u00a0\u00bb vivant aux Am\u00e9riques, et particuli\u00e8rement sur les \u00eeles du Pacifique sont, entre autres, les objectifs de l\u2019association \u00ab\u00a0Yaka Yakou\u00a0\u00bb. Dans le cadre de ses activit\u00e9s, elle a initi\u00e9, le vendredi 18 juin 2021 \u00e0 Ouagadougou, une conf\u00e9rence publique de pr\u00e9sentation des potentialit\u00e9s culturelles et \u00e9conomiques de la R\u00e9publique du Vanuatu dont la capitale est Port-Vila. Ind\u00e9pendante depuis 1980, Vanuatu est un archipel de 83 \u00eeles, riche de plus de 100 langues distinctes, et est profond\u00e9ment marqu\u00e9 par une importante diversit\u00e9 culturelle. Les langues officielles sont le fran\u00e7ais et l\u2019anglais.<\/p>\n<p>Selon le pr\u00e9sident de l\u2019association \u00ab\u00a0Yaka Yakou\u00a0\u00bb, Germain Oba, la R\u00e9publique du Vanuatu est consid\u00e9r\u00e9e comme l\u2019un des pays les plus culturellement diversifi\u00e9s au monde. Et cela se refl\u00e8te, a-t-il expliqu\u00e9, \u00e0 travers l\u2019impressionnante vari\u00e9t\u00e9 de festivals culturels et d\u2019anciens rituels \u00ab vivants \u00bb qui s\u2019y produisent chaque ann\u00e9e. En outre, le Vanuatu pr\u00e9sente, sur le plan socio-culturel, de l\u2019avis de M. Oba, de nombreuses similitudes avec de nombreux peuples d\u2019Afrique noire. \u00ab\u00a0Dans les villages, l\u2019on retrouve un chef de village et des notables. La chefferie coutumi\u00e8re est si importante que le leader coutumier poss\u00e8de la m\u00eame autorit\u00e9 que tout responsable administratif\u00a0\u00bb, a-t-il expliqu\u00e9.<\/p>\n<p>Aussi, la chefferie coutumi\u00e8re vanuatuane s\u2019appuie, a poursuivi M. Oba, sur une organisation g\u00e9ographique, comprenant des hameaux qui peuvent \u00eatre regroup\u00e9s en villages, de 100 \u00e0 300 personnes, des groupes locaux, des groupes r\u00e9gionaux, linguistiques, patrilin\u00e9aires (sud et centre) ou matrilin\u00e9aire (nord), et de groupements d\u2019\u00eeles, avec des chefferies. Outre sa production vari\u00e9e au niveau de l\u2019artisanat, le Vanuatu pr\u00e9sente, \u00e0 l\u2019entendre, une richesse musicale avec des chants et danses traditionnels vivants, notamment en zone rurale avec \u00e0 la cl\u00e9, l\u2019usage d\u2019instruments embl\u00e9matiques (Tambours \u00e0 fente, fl\u00fbtes de bambou, etc.).<\/p>\n<p>Selon l\u2019un des conf\u00e9renciers, Abdou-Rashad Seidou Ou\u00e9draogo, le tourisme vanuatuan contribue \u00e0 hauteur de 80% aux revenus du secteur de la culture. En 2010, la barre des 100 000 visiteurs a, en effet, \u00e9t\u00e9 atteinte, a r\u00e9v\u00e9l\u00e9 M. Ou\u00e9draogo. \u00ab\u00a0Les touristes qui arrivent par avion restent en moyenne entre une et deux semaines. En dehors d\u2019Efat\u00e9 o\u00f9 se trouve l\u2019a\u00e9roport, les \u00eeles les plus visit\u00e9es sont Tanna et Santo, avec plus de 10 000 visiteurs par an chacune\u00a0\u00bb, a-t-il pr\u00e9cis\u00e9. Mer, soleil, climat, volcans, produits locaux, plong\u00e9es, p\u00eache au gros, sorties en mer, tours a\u00e9riens, culture et traditions, villages culturels, navigation de plaisance, \u00e9quitation, golf, calme, gentillesse et hospitalit\u00e9 sont, entre autres, les atouts de la R\u00e9publique de Vanuatu.<\/p>\n<p>Les \u00e9changes du pr\u00e9sidium avec le public et les Hommes de m\u00e9dia ont essentiellement port\u00e9 sur la pertinence de cette rencontre au regard de la faible culture touristique des Burkinab\u00e8 et les possibilit\u00e9s d\u2019immigration dans cet archipel. Pour les conf\u00e9renciers, cette rencontre vise \u00e0 promouvoir et surtout \u00e9veiller l\u2019esprit touristique chez les Burkinab\u00e8 \u00e0 l\u2019int\u00e9rieur comme \u00e0 l\u2019ext\u00e9rieur du pays. La R\u00e9publique de Vanuatu, foi de Germain Oba, est l&rsquo;\u00a0\u00bbendroit le plus heureux du monde\u00a0\u00bb, et parfait pour un s\u00e9jour ou un voyage d\u2019affaires. Au niveau du volet immigration, il a inform\u00e9 de l\u2019existence d\u2019un programme de citoyennet\u00e9 offert par l\u2019archipel et d\u2019un passeport Vanuatuan. \u00ab\u00a0Ce document donne acc\u00e8s, sans visa, \u00e0 plus de 125 pays dans le monde. En plus de se voir octroyer la nationalit\u00e9 vanuatuane, le d\u00e9tenteur de ce passeport, le commer\u00e7ant ou l\u2019homme d\u2019affaires, se voit offrir une palette d\u2019opportunit\u00e9s, de financements et d\u2019investissements accessibles \u00e0 l\u2019international\u00a0\u00bb, a d\u00e9taill\u00e9 M. Oba.<\/p>\n<p style=\"text-align: right\"><strong>W. Aubin NANA<\/strong><br \/>\nnanaubin@yahoo.fr<\/p>\n<p>L\u2019article <a rel=\"nofollow\" href=\"https:\/\/www.sidwaya.info\/blog\/2021\/06\/20\/promotion-du-tourisme-la-destination-vanuatu-presentee-aux-burkinabe\/\">Promotion du tourisme : la destination Vanuatu pr\u00e9sent\u00e9e aux Burkinab\u00e8<\/a> est apparu en premier sur <a rel=\"nofollow\" href=\"https:\/\/www.sidwaya.info\/\">Quotidien Sidwaya<\/a>.<\/p>\n<\/div>\n<p>Auteur: JK. Sidwaya<br \/>\n<a href=\"https:\/\/www.sidwaya.info\/blog\/2021\/06\/20\/promotion-du-tourisme-la-destination-vanuatu-presentee-aux-burkinabe\/\">Cliquez ici pour lire l&rsquo;article depuis sa source.<\/a><\/p>\n","protected":false},"excerpt":{"rendered":"<p>L\u2019association \u00ab\u00a0Yaka Yakou\u00a0\u00bb a organis\u00e9, le vendredi 18 juin 2021 \u00e0 Ouagadougou, une conf\u00e9rence publique pour pr\u00e9senter les potentialit\u00e9s culturelles et \u00e9conomiques de la R\u00e9publique du Vanuatu. Les \u00e9changes interculturels et le rapprochement des peuples d\u2019Afrique et les \u00ab\u00a0descendants d\u2019esclaves\u00a0\u00bb vivant aux Am\u00e9riques, et particuli\u00e8rement sur les \u00eeles du Pacifique sont, entre autres, les objectifs [&hellip;]<\/p>\n","protected":false},"author":1816,"featured_media":0,"comment_status":"closed","ping_status":"closed","sticky":false,"template":"","format":"standard","meta":{"fifu_image_url":"","fifu_image_alt":"","footnotes":""},"categories":[73,81],"tags":[],"class_list":["post-119019","post","type-post","status-publish","format-standard","hentry","category-actualite","category-burkina-faso"],"_links":{"self":[{"href":"https:\/\/linitiative.ca\/International\/wp-json\/wp\/v2\/posts\/119019","targetHints":{"allow":["GET"]}}],"collection":[{"href":"https:\/\/linitiative.ca\/International\/wp-json\/wp\/v2\/posts"}],"about":[{"href":"https:\/\/linitiative.ca\/International\/wp-json\/wp\/v2\/types\/post"}],"author":[{"embeddable":true,"href":"https:\/\/linitiative.ca\/International\/wp-json\/wp\/v2\/users\/1816"}],"replies":[{"embeddable":true,"href":"https:\/\/linitiative.ca\/International\/wp-json\/wp\/v2\/comments?post=119019"}],"version-history":[{"count":0,"href":"https:\/\/linitiative.ca\/International\/wp-json\/wp\/v2\/posts\/119019\/revisions"}],"wp:attachment":[{"href":"https:\/\/linitiative.ca\/International\/wp-json\/wp\/v2\/media?parent=119019"}],"wp:term":[{"taxonomy":"category","embeddable":true,"href":"https:\/\/linitiative.ca\/International\/wp-json\/wp\/v2\/categories?post=119019"},{"taxonomy":"post_tag","embeddable":true,"href":"https:\/\/linitiative.ca\/International\/wp-json\/wp\/v2\/tags?post=119019"}],"curies":[{"name":"wp","href":"https:\/\/api.w.org\/{rel}","templated":true}]}}