{"id":119020,"date":"2021-06-20T17:38:01","date_gmt":"2021-06-20T21:38:01","guid":{"rendered":"https:\/\/linitiative.ca\/International\/journee-de-lenfant-chaque-enfant-est-un-ambassadeur-de-sa-communaute-awa-kafando-directrice-de-plan-koupela\/"},"modified":"2021-06-20T17:38:01","modified_gmt":"2021-06-20T21:38:01","slug":"journee-de-lenfant-chaque-enfant-est-un-ambassadeur-de-sa-communaute-awa-kafando-directrice-de-plan-koupela","status":"publish","type":"post","link":"https:\/\/linitiative.ca\/International\/journee-de-lenfant-chaque-enfant-est-un-ambassadeur-de-sa-communaute-awa-kafando-directrice-de-plan-koupela\/","title":{"rendered":"Journ\u00e9e de l\u2019enfant  : \u00ab Chaque enfant est un ambassadeur  de sa communaut\u00e9 \u00bb, Awa Kafando, Directrice de Plan Koup\u00e9la"},"content":{"rendered":"<div>\n<p><strong>L\u2019ONG Plan Burkina Faso bureau du Centre-Est \u00e0 Koup\u00e9la a organis\u00e9, le jeudi 17 juin 2021 \u00e0 Zeguedega dans la commune rurale de Dialgaye, une journ\u00e9e d\u00e9di\u00e9e aux enfants parrain\u00e9s de la localit\u00e9.<\/strong><\/p>\n<p>L\u2019ONG Plan International Burkina Faso mobilise une partie des ressources \u00e0 travers son syst\u00e8me de parrainage et les compl\u00e8te avec les subventions d\u2019autres organisations de d\u00e9veloppement pour avoir une grande capacit\u00e9 de r\u00e9ponse aux d\u00e9fis qui compromettent l\u2019\u00e9panouissement de l\u2019enfant. Cependant, depuis un certain temps, certaines familles ne per\u00e7oivent plus l\u2019importance d\u2019entretenir des relations amicales avec les parrains.<\/p>\n<p>C\u2019est afin d\u2019am\u00e9liorer la compr\u00e9hension des communaut\u00e9s, de renforcer les actions de visibilit\u00e9 de Plan International que le Bureau de Koup\u00e9la a initi\u00e9 une journ\u00e9e dite de l\u2019enfant parrain\u00e9. En cette ann\u00e9e 2021, c\u2019est le village de Zeguedega, dans la commune rurale de Dialgaye, qui a abrit\u00e9 cette c\u00e9r\u00e9monie. Des courses cyclistes, des sketchs, des danses et des d\u00e9fil\u00e9s ont \u00e9t\u00e9, entre autres, les activit\u00e9s qui ont marqu\u00e9 cette journ\u00e9e. Selon la directrice de l\u2019ONG Plan Burkina bureau du Centre-Est \u00e0 Koup\u00e9la, Awa Kafando, l\u2019objectif recherch\u00e9 est atteint vu la mobilisation des leaders communautaires autour de la question.<\/p>\n<figure id=\"attachment_36602\" aria-describedby=\"caption-attachment-36602\" style=\"width: 300px\" class=\"wp-caption alignleft\"><img decoding=\"async\" loading=\"lazy\" class=\"size-medium wp-image-36602\" src=\"https:\/\/linitiative.ca\/International\/wp-content\/uploads\/sites\/23\/2021\/06\/enfant2-300x226-1.jpg\" alt=\"\" width=\"300\" height=\"226\" srcset=\"https:\/\/linitiative.ca\/International\/wp-content\/uploads\/sites\/23\/2021\/06\/enfant2-300x226-1.jpg 300w, https:\/\/www.sidwaya.info\/wp-content\/uploads\/2021\/06\/enfant2-768x579.jpg 768w, https:\/\/www.sidwaya.info\/wp-content\/uploads\/2021\/06\/enfant2-150x113.jpg 150w, https:\/\/www.sidwaya.info\/wp-content\/uploads\/2021\/06\/enfant2-696x525.jpg 696w, https:\/\/www.sidwaya.info\/wp-content\/uploads\/2021\/06\/enfant2-557x420.jpg 557w, https:\/\/www.sidwaya.info\/wp-content\/uploads\/2021\/06\/enfant2-80x60.jpg 80w, https:\/\/www.sidwaya.info\/wp-content\/uploads\/2021\/06\/enfant2.jpg 797w\" sizes=\"auto, (max-width: 300px) 100vw, 300px\"><figcaption id=\"caption-attachment-36602\" class=\"wp-caption-text\">La visite des objets d\u2019art fabriqu\u00e9s par les enfants parrain\u00e9s.<\/figcaption><\/figure>\n<p>\u00ab A travers cette journ\u00e9e, nous avons voulu susciter l\u2019engouement des communaut\u00e9s vis-\u00e0-vis du parrainage et accro\u00eetre la visibilit\u00e9 de Plan International par sa redevabilit\u00e9 \u00e0 l\u2019endroit des communaut\u00e9s. Vu la mobilisation de tous ces acteurs, nous sommes certains que le message est bien pass\u00e9 et compris par tous\u00bb, a-t-elle affirm\u00e9. Elle a, par ailleurs, invit\u00e9 toute la population \u00e0 adh\u00e9rer \u00e0 l\u2019initiative en facilitant les prises des photos des enfants parrain\u00e9s car \u00ab chaque enfant parrain\u00e9 est ambassadeur de sa communaut\u00e9 \u00bb. L\u2019initiative a \u00e9t\u00e9 \u00e9galement salu\u00e9e \u00e0 sa juste valeur par les plus hautes autorit\u00e9s de la province.<\/p>\n<p>\u00ab Les actions que Plan m\u00e8ne sur le terrain nous vont droit au c\u0153ur et s\u2019inscrivent en droite ligne avec la vision du gouvernement. Nous sommes pr\u00eats \u00e0 les accompagner et j\u2019invite aussi toute la population \u00e0 toujours r\u00e9server un accueil chaleureux aux agents de Plan pour la prise des photos des enfants parrain\u00e9s pour le bonheur de tous \u00bb, a d\u00e9clar\u00e9 Aissata Angelina Traor\u00e9, haut-commissaire de la province du Kourittenga. Le village de Zeguedega Poesse compte au total 517 enfants parrain\u00e9s dont 281 filles et 236 gar\u00e7ons.<\/p>\n<p>Pr\u00e9sents \u00e0 la c\u00e9r\u00e9monie, ces enfants ont t\u00e9moign\u00e9 leur reconnaissance \u00e0 l\u2019ONG pour les actions de solidarit\u00e9 faites \u00e0 leur \u00e9gard. \u00abNous sommes contents de Plan et nous demandons \u00e0 nos parents de soutenir ces actions pour que nous puissions toujours b\u00e9n\u00e9ficier des soutiens de leur part \u00bb, a laiss\u00e9 entendre Sandra Sawadogo, repr\u00e9sentante des enfants parrain\u00e9s dudit village. Il faut pr\u00e9ciser que les enfants ayant pris part aux courses cyclistes et aux activit\u00e9s diverses ont re\u00e7u des prix.<\/p>\n<p style=\"text-align: right\"><strong>Am\u00e9d\u00e9e W. SILGA<\/strong><\/p>\n<p>L\u2019article <a rel=\"nofollow\" href=\"https:\/\/www.sidwaya.info\/blog\/2021\/06\/20\/journee-de-lenfant-chaque-enfant-est-un-ambassadeur-de-sa-communaute-awa-kafando-directrice-de-plan-koupela\/\">Journ\u00e9e de l\u2019enfant  : \u00ab Chaque enfant est un ambassadeur  de sa communaut\u00e9 \u00bb, Awa Kafando, Directrice de Plan Koup\u00e9la<\/a> est apparu en premier sur <a rel=\"nofollow\" href=\"https:\/\/www.sidwaya.info\/\">Quotidien Sidwaya<\/a>.<\/p>\n<\/div>\n<p>Auteur: JK. Sidwaya<br \/>\n<a href=\"https:\/\/www.sidwaya.info\/blog\/2021\/06\/20\/journee-de-lenfant-chaque-enfant-est-un-ambassadeur-de-sa-communaute-awa-kafando-directrice-de-plan-koupela\/\">Cliquez ici pour lire l&rsquo;article depuis sa source.<\/a><\/p>\n","protected":false},"excerpt":{"rendered":"<p>L\u2019ONG Plan Burkina Faso bureau du Centre-Est \u00e0 Koup\u00e9la a organis\u00e9, le jeudi 17 juin 2021 \u00e0 Zeguedega dans la commune rurale de Dialgaye, une journ\u00e9e d\u00e9di\u00e9e aux enfants parrain\u00e9s de la localit\u00e9. L\u2019ONG Plan International Burkina Faso mobilise une partie des ressources \u00e0 travers son syst\u00e8me de parrainage et les compl\u00e8te avec les subventions [&hellip;]<\/p>\n","protected":false},"author":1816,"featured_media":0,"comment_status":"closed","ping_status":"closed","sticky":false,"template":"","format":"standard","meta":{"fifu_image_url":"https:\/\/www.sidwaya.info\/wp-content\/uploads\/2021\/06\/enfant2-300x226.jpg","fifu_image_alt":"Journ\u00e9e de l\u2019enfant  : \u00ab Chaque enfant est un ambassadeur  de sa communaut\u00e9 \u00bb, Awa Kafando, Directrice de Plan Koup\u00e9la","footnotes":""},"categories":[73,81],"tags":[],"class_list":["post-119020","post","type-post","status-publish","format-standard","hentry","category-actualite","category-burkina-faso"],"_links":{"self":[{"href":"https:\/\/linitiative.ca\/International\/wp-json\/wp\/v2\/posts\/119020","targetHints":{"allow":["GET"]}}],"collection":[{"href":"https:\/\/linitiative.ca\/International\/wp-json\/wp\/v2\/posts"}],"about":[{"href":"https:\/\/linitiative.ca\/International\/wp-json\/wp\/v2\/types\/post"}],"author":[{"embeddable":true,"href":"https:\/\/linitiative.ca\/International\/wp-json\/wp\/v2\/users\/1816"}],"replies":[{"embeddable":true,"href":"https:\/\/linitiative.ca\/International\/wp-json\/wp\/v2\/comments?post=119020"}],"version-history":[{"count":0,"href":"https:\/\/linitiative.ca\/International\/wp-json\/wp\/v2\/posts\/119020\/revisions"}],"wp:attachment":[{"href":"https:\/\/linitiative.ca\/International\/wp-json\/wp\/v2\/media?parent=119020"}],"wp:term":[{"taxonomy":"category","embeddable":true,"href":"https:\/\/linitiative.ca\/International\/wp-json\/wp\/v2\/categories?post=119020"},{"taxonomy":"post_tag","embeddable":true,"href":"https:\/\/linitiative.ca\/International\/wp-json\/wp\/v2\/tags?post=119020"}],"curies":[{"name":"wp","href":"https:\/\/api.w.org\/{rel}","templated":true}]}}