{"id":119022,"date":"2021-06-20T17:41:34","date_gmt":"2021-06-20T21:41:34","guid":{"rendered":"https:\/\/linitiative.ca\/International\/cedeao-leco-la-monnaie-unique-prevue-pour-2027-selon-le-ministre-de-leconomie-lassane-kabore\/"},"modified":"2021-06-20T17:41:34","modified_gmt":"2021-06-20T21:41:34","slug":"cedeao-leco-la-monnaie-unique-prevue-pour-2027-selon-le-ministre-de-leconomie-lassane-kabore","status":"publish","type":"post","link":"https:\/\/linitiative.ca\/International\/cedeao-leco-la-monnaie-unique-prevue-pour-2027-selon-le-ministre-de-leconomie-lassane-kabore\/","title":{"rendered":"CEDEAO : L\u2019ECO, la monnaie unique pr\u00e9vue pour 2027, selon le ministre  de l\u2019Economie, Lassan\u00e9 Kabor\u00e9"},"content":{"rendered":"<div>\n<p><strong>A l\u2019issue du sommet des chefs d\u2019Etats et de gouvernement de la Communaut\u00e9 \u00e9conomique des Etats de l\u2019Afrique de l\u2019Ouest, le ministre de l\u2019Economie, des Finances et du D\u00e9veloppement, Lassan\u00e9 Kabor\u00e9, a donn\u00e9 quelques informations sur le processus de mise en place de la monnaie unique r\u00e9gionale, ECO.<\/strong><\/p>\n<p>\u00abLa question de la monnaie unique a \u00e9t\u00e9 \u00e9voqu\u00e9e lors du sommet des chefs d\u2019Etat et de gouvernement. Ceux-ci avaient d\u00e9cid\u00e9 de mettre en place un programme devant conduire \u00e0 la mise en place d\u2019une monnaie unique \u00e0 l\u2019horizon 2020, l\u2019ECO. Mais notre r\u00e9gion, comme toutes les r\u00e9gions du monde, a \u00e9t\u00e9 impact\u00e9e par la pand\u00e9mie du COVID-19. Ce qui a amen\u00e9 \u00e0 suspendre le pacte de convergence parce que pour aller \u00e0 une monnaie unique, il y a un certain nombre de crit\u00e8res \u00e0 respecter dont le d\u00e9ficit, le taux de croissance, etc. pour \u00eatre s\u00fbr du niveau d\u2019endettement et de la soutenabilit\u00e9 de la monnaie.<\/p>\n<p>Le pacte a \u00e9t\u00e9 suspendu pour deux ans, 2020 et 2021. Ce qui a amen\u00e9 les ministres de l\u2019\u00e9conomie \u00e0 proposer une nouvelle feuille qui a \u00e9t\u00e9 soumise \u00e0 la conf\u00e9rence des chefs d\u2019Etat et de gouvernement de la CEDEAO. Cette nouvelle feuille de route donne comme horizon 2026 comme la phase de convergence et de stabilit\u00e9. La feuille de route et les actions qui doivent \u00eatre entreprises ont \u00e9t\u00e9 adopt\u00e9es. C\u2019est pr\u00e9vu que 2027 soit l\u2019ann\u00e9e de l\u2019adoption de l\u2019ECO \u00bb.<\/p>\n<p>\u00a0<\/p>\n<p style=\"text-align: right\"><strong>Propos retranscrits par H.K.<\/strong><\/p>\n<p>L\u2019article <a rel=\"nofollow\" href=\"https:\/\/www.sidwaya.info\/blog\/2021\/06\/20\/cedeao-leco-la-monnaie-unique-prevue-pour-2027-selon-le-ministre-de-leconomie-lassane-kabore\/\">CEDEAO : L\u2019ECO, la monnaie unique pr\u00e9vue pour 2027, selon le ministre  de l\u2019Economie, Lassan\u00e9 Kabor\u00e9<\/a> est apparu en premier sur <a rel=\"nofollow\" href=\"https:\/\/www.sidwaya.info\/\">Quotidien Sidwaya<\/a>.<\/p>\n<\/div>\n<p>Auteur: JK. Sidwaya<br \/>\n<a href=\"https:\/\/www.sidwaya.info\/blog\/2021\/06\/20\/cedeao-leco-la-monnaie-unique-prevue-pour-2027-selon-le-ministre-de-leconomie-lassane-kabore\/\">Cliquez ici pour lire l&rsquo;article depuis sa source.<\/a><\/p>\n","protected":false},"excerpt":{"rendered":"<p>A l\u2019issue du sommet des chefs d\u2019Etats et de gouvernement de la Communaut\u00e9 \u00e9conomique des Etats de l\u2019Afrique de l\u2019Ouest, le ministre de l\u2019Economie, des Finances et du D\u00e9veloppement, Lassan\u00e9 Kabor\u00e9, a donn\u00e9 quelques informations sur le processus de mise en place de la monnaie unique r\u00e9gionale, ECO. \u00abLa question de la monnaie unique a [&hellip;]<\/p>\n","protected":false},"author":1816,"featured_media":0,"comment_status":"closed","ping_status":"closed","sticky":false,"template":"","format":"standard","meta":{"fifu_image_url":"","fifu_image_alt":"","footnotes":""},"categories":[73,81],"tags":[],"class_list":["post-119022","post","type-post","status-publish","format-standard","hentry","category-actualite","category-burkina-faso"],"_links":{"self":[{"href":"https:\/\/linitiative.ca\/International\/wp-json\/wp\/v2\/posts\/119022","targetHints":{"allow":["GET"]}}],"collection":[{"href":"https:\/\/linitiative.ca\/International\/wp-json\/wp\/v2\/posts"}],"about":[{"href":"https:\/\/linitiative.ca\/International\/wp-json\/wp\/v2\/types\/post"}],"author":[{"embeddable":true,"href":"https:\/\/linitiative.ca\/International\/wp-json\/wp\/v2\/users\/1816"}],"replies":[{"embeddable":true,"href":"https:\/\/linitiative.ca\/International\/wp-json\/wp\/v2\/comments?post=119022"}],"version-history":[{"count":0,"href":"https:\/\/linitiative.ca\/International\/wp-json\/wp\/v2\/posts\/119022\/revisions"}],"wp:attachment":[{"href":"https:\/\/linitiative.ca\/International\/wp-json\/wp\/v2\/media?parent=119022"}],"wp:term":[{"taxonomy":"category","embeddable":true,"href":"https:\/\/linitiative.ca\/International\/wp-json\/wp\/v2\/categories?post=119022"},{"taxonomy":"post_tag","embeddable":true,"href":"https:\/\/linitiative.ca\/International\/wp-json\/wp\/v2\/tags?post=119022"}],"curies":[{"name":"wp","href":"https:\/\/api.w.org\/{rel}","templated":true}]}}