{"id":119023,"date":"2021-06-19T19:18:02","date_gmt":"2021-06-19T23:18:02","guid":{"rendered":"https:\/\/linitiative.ca\/International\/loriental-fashion-show-defie-la-covid-19-et-promeut-lindustrie-touristique-au-maroc\/"},"modified":"2021-06-19T19:18:02","modified_gmt":"2021-06-19T23:18:02","slug":"loriental-fashion-show-defie-la-covid-19-et-promeut-lindustrie-touristique-au-maroc","status":"publish","type":"post","link":"https:\/\/linitiative.ca\/International\/loriental-fashion-show-defie-la-covid-19-et-promeut-lindustrie-touristique-au-maroc\/","title":{"rendered":"L\u2019Oriental Fashion Show d\u00e9fie la Covid-19 et promeut l\u2019industrie touristique au Maroc"},"content":{"rendered":"<div>\n<p><img loading=\"lazy\" decoding=\"async\" width=\"3456\" height=\"2304\" src=\"https:\/\/linitiative.ca\/International\/wp-content\/uploads\/sites\/23\/2021\/06\/16241446834597.jpg\" class=\"attachment-post-thumbnail size-post-thumbnail wp-post-image\" alt=\"\" srcset=\"https:\/\/linitiative.ca\/International\/wp-content\/uploads\/sites\/23\/2021\/06\/16241446834597.jpg 3456w, https:\/\/www.journalducameroun.com\/wp-content\/uploads\/2021\/06\/16241446834597-300x200.jpg 300w, https:\/\/www.journalducameroun.com\/wp-content\/uploads\/2021\/06\/16241446834597-768x512.jpg 768w, https:\/\/www.journalducameroun.com\/wp-content\/uploads\/2021\/06\/16241446834597-1024x683.jpg 1024w, https:\/\/www.journalducameroun.com\/wp-content\/uploads\/2021\/06\/16241446834597-660x440.jpg 660w, https:\/\/www.journalducameroun.com\/wp-content\/uploads\/2021\/06\/16241446834597-600x400.jpg 600w\" sizes=\"auto, (max-width: 3456px) 100vw, 3456px\"><\/p>\n<p>Par Hicham Alaoui &#8212; Nul ne conteste que la 37\u00e8me \u00e9dition de l&rsquo;Oriental Fashion Show (OFS) qui se tient \u00e0 Marrakech (18-19 juin) est exceptionnelle de par le contexte de son organisation marqu\u00e9 par les mesures sanitaires li\u00e9es \u00e0 la pand\u00e9mie de la Covid-19 mais aussi par la n\u00e9cessit\u00e9 d&rsquo;une relance touristique que le Maroc aspire de ses v\u0153ux pour faire face aux cons\u00e9quences engendr\u00e9es par la crise sanitaire.Une ambition que la fondatrice de l&rsquo;\u00e9v\u00e9nement, Mme Hind Joudar anime avec pour objectif de contribuer \u00e0 la promotion de la culture et du patrimoine marocain ainsi que de l&rsquo;activit\u00e9 touristique.<\/p>\n<p>Certes, la pand\u00e9mie plan\u00e9taire de la Covid-19 est bien plus qu&rsquo;une crise sanitaire, elle est aussi une crise socio\u00e9conomique sans pr\u00e9c\u00e9dent, mettant \u00e0 rude \u00e9preuve chacun des pays qu&rsquo;elle affecte avec des impacts sociaux, \u00e9conomiques et politiques d\u00e9vastateurs qui laisseront de profondes cicatrices. Dans ce contexte, les secteurs touristique et de l&rsquo;artisanat au Maroc sont frapp\u00e9s de plein fouet par cette crise, mais le gouvernement tente de redresser la barre et de relancer ces secteurs tr\u00e8s porteurs pour l&rsquo;\u00e9conomie nationale.<\/p>\n<p>\u00ab Nous sommes parfaitement solidaires avec la culture, le tourisme et l&rsquo;artisanat au Maroc \u00bb, a-t-elle affirm\u00e9 dans une interview avec APA, en marge de la conf\u00e9rence de presse, samedi \u00e0 Marrakech, destin\u00e9e \u00e0 pr\u00e9senter le programme et les invit\u00e9s de marque de l&rsquo;Oriental Fashion Show (OFS).<\/p>\n<p>\u00ab Depuis plus de 15 ans, on travaille pour promouvoir la culture marocaine \u00e0 l&rsquo;\u00e9tranger et les m\u00e9tiers de l&rsquo;art marocain, qui ont rayonn\u00e9 dans le monde entier. On est tr\u00e8s fier que le Maroc dispose du secret des artisans \u00bb, a soulign\u00e9 cette r\u00e9elle ambassadrice de la mode orientale, se disant tr\u00e8s \u00ab contente \u00bb d&rsquo;avoir particip\u00e9 \u00e0 son niveau \u00e0 la dynamique \u00e9conomique enclench\u00e9e ces derniers mois au Maroc.<\/p>\n<p>Selon elle, la 37\u00e8me \u00e9dition de l&rsquo;OFS a la particularit\u00e9 de se tenir dans un contexte post-Covid-19 notamment avec une gestion \u00ab excellente \u00bb des autorit\u00e9s marocaines de cette crise et l&rsquo;initiative royale visant \u00e0 faciliter le retour au pays des Marocains R\u00e9sidant \u00e0 l&rsquo;Etranger (MRE) dans les meilleures conditions.<\/p>\n<p>\u00ab Je tiens \u00e0 remercier SM le Roi d&rsquo;avoir pris des mesures exceptionnelles pour des situations exceptionnelles. Je pense que la sagesse et clairvoyance royales nous a permis de venir dans des conditions meilleures \u00bb, s&rsquo;est r\u00e9jouie Mme Joudar qui d\u00e9ploie un \u00e9norme travail pour que sa culture d&rsquo;origine brille de mille feux dans le monde.<\/p>\n<p>Revenant sur l&rsquo;\u00e9dition de cette ann\u00e9e de l&rsquo;OFS, Mme Joudar a soulign\u00e9 qu&rsquo;elle est plac\u00e9e sous le signe de la valorisation du patrimoine touristique marocain, ajoutant que l&rsquo;Oriental Fashion Show entend bien perp\u00e9tuer son \u00e9v\u00e9nement et honorer ses fid\u00e8les stylistes qui, en d\u00e9pit de cette p\u00e9riode difficile, n&rsquo;ont cess\u00e9 de cr\u00e9er et innover.<\/p>\n<p>L&rsquo;OFS n&rsquo;ayant pas \u00e9t\u00e9 \u00e9pargn\u00e9 par la Covid-19 qui a emport\u00e9 un membre important de son organisation, cette \u00e9dition sera donc marqu\u00e9e par un hommage posthume \u00e0 la m\u00e9moire de Mohamed Al Sagheer.<\/p>\n<p>Parmi la d\u00e9l\u00e9gation \u00e9gyptienne, on compte le grand designer Hany El Behairy ainsi que les c\u00e9l\u00e8bres actrices Laila Eloui Elham Shahin et Samira Said qui t\u00e9moignent de la grandeur de cet homme extraordinaire.<\/p>\n<p>D&rsquo;autres invit\u00e9s de marque tels que les acteurs et des c\u00e9l\u00e9brit\u00e9s marocaines Dounia Boutazoute, Mansour Badri, Cam\u00e9lia Rak, Rababe Gouyd, ainsi que Driss Roukhe viennent renforcer la notori\u00e9t\u00e9 de l&rsquo;\u00e9v\u00e9nement et d\u00e9couvrir par la m\u00eame occasion la beaut\u00e9 de la ville ocre sous le signe de l&rsquo;\u00e9l\u00e9gance et du raffinement.<\/p>\n<p>Interrog\u00e9e sur les perspectives futures de s&rsquo;ouvrir sur l&rsquo;Afrique, Mme Joudar a affirm\u00e9 que l&rsquo;Afrique est un \u00e9l\u00e9ment incontournable et tr\u00e8s important pour l&rsquo;OFS. \u00ab Il y a des tissus qui n&rsquo;existent qu&rsquo;en Afrique et le savoir-faire africain est connu dans le monde. Le tissu africain traditionnel notamment le Wax est reconnaissable entre tous par ses motifs sp\u00e9cifiques mais surtout ses couleurs tr\u00e8s vives. Son empire n&rsquo;a pas de fronti\u00e8res, son emprise pas de limites, bien conquis le continent qu&rsquo;il en a m\u00eame colonis\u00e9 les esprits, devenant un symbole revendiqu\u00e9 de l&rsquo;Afrique, et une part impos\u00e9e de son identit\u00e9 \u00bb, a-t-elle dit.<\/p>\n<p>Et de confier que les organisateurs de l&rsquo;OFS envisagent de tenir une \u00e9dition de cet \u00e9v\u00e9nement soit au S\u00e9n\u00e9gal ou en C\u00f4te d&rsquo;Ivoire. \u00ab On souhaite le faire et dans les meilleures conditions qui soient \u00bb.<\/p>\n<p>Bas\u00e9 \u00e0 Paris, cet \u00e9v\u00e9nement sillonne le monde et les hauts lieux de la mode \u00e0 fort potentiel m\u00e9diatique : Paris, Londres, Doha, Kowe\u00eft, Marrakech, Moscou, Istanbul, Almaty (Kazakhstan), Samarcande (Ouzb\u00e9kistan), Istanbul\u2026 Plus qu&rsquo;un d\u00e9fil\u00e9 de mode, l&rsquo;OFS est devenu au fil des ans une v\u00e9ritable tribune artistique, un dialogue culturel entre l&rsquo;Orient et l&rsquo;Occident.<\/p>\n<p>Depuis 15 ans, l&rsquo;OFS organise des d\u00e9fil\u00e9s de grande envergure dans les plus belles capitales du monde. Consid\u00e9r\u00e9 comme un leader dans la mode orientale et incubateur de talents au-del\u00e0 des fronti\u00e8res, cette manifestation a pu promouvoir, \u00e0 travers ses nombreuses productions, plus de 100 stylistes de 50 nationalit\u00e9s diff\u00e9rentes, parmi eux de nombreux Marocains qui ont pu se faire un nom sur la sc\u00e8ne de la mode mondiale.<\/p>\n<p>Cet article <a rel=\"nofollow\" href=\"https:\/\/www.journalducameroun.com\/loriental-fashion-show-defie-la-covid-19-et-promeut-lindustrie-touristique-au-maroc\/\">L\u2019Oriental Fashion Show d\u00e9fie la Covid-19 et promeut l\u2019industrie touristique au Maroc<\/a> est apparu en premier sur <a rel=\"nofollow\" href=\"https:\/\/www.journalducameroun.com\/\">Journal du Cameroun<\/a>.<\/p>\n<\/div>\n<p>Auteur: APA News<br \/>\n<a href=\"https:\/\/www.journalducameroun.com\/loriental-fashion-show-defie-la-covid-19-et-promeut-lindustrie-touristique-au-maroc\/\">Cliquez ici pour lire l&rsquo;article depuis sa source.<\/a><\/p>\n","protected":false},"excerpt":{"rendered":"<p>Par Hicham Alaoui &#8212; Nul ne conteste que la 37\u00e8me \u00e9dition de l&rsquo;Oriental Fashion Show (OFS) qui se tient \u00e0 Marrakech (18-19 juin) est exceptionnelle de par le contexte de son organisation marqu\u00e9 par les mesures sanitaires li\u00e9es \u00e0 la pand\u00e9mie de la Covid-19 mais aussi par la n\u00e9cessit\u00e9 d&rsquo;une relance touristique que le Maroc [&hellip;]<\/p>\n","protected":false},"author":1965,"featured_media":0,"comment_status":"closed","ping_status":"closed","sticky":false,"template":"","format":"standard","meta":{"fifu_image_url":"https:\/\/www.journalducameroun.com\/wp-content\/uploads\/2021\/06\/16241446834597.jpg","fifu_image_alt":"L\u2019Oriental Fashion Show d\u00e9fie la Covid-19 et promeut l\u2019industrie touristique au Maroc","footnotes":""},"categories":[73,82],"tags":[],"class_list":["post-119023","post","type-post","status-publish","format-standard","hentry","category-actualite","category-cameroun"],"_links":{"self":[{"href":"https:\/\/linitiative.ca\/International\/wp-json\/wp\/v2\/posts\/119023","targetHints":{"allow":["GET"]}}],"collection":[{"href":"https:\/\/linitiative.ca\/International\/wp-json\/wp\/v2\/posts"}],"about":[{"href":"https:\/\/linitiative.ca\/International\/wp-json\/wp\/v2\/types\/post"}],"author":[{"embeddable":true,"href":"https:\/\/linitiative.ca\/International\/wp-json\/wp\/v2\/users\/1965"}],"replies":[{"embeddable":true,"href":"https:\/\/linitiative.ca\/International\/wp-json\/wp\/v2\/comments?post=119023"}],"version-history":[{"count":0,"href":"https:\/\/linitiative.ca\/International\/wp-json\/wp\/v2\/posts\/119023\/revisions"}],"wp:attachment":[{"href":"https:\/\/linitiative.ca\/International\/wp-json\/wp\/v2\/media?parent=119023"}],"wp:term":[{"taxonomy":"category","embeddable":true,"href":"https:\/\/linitiative.ca\/International\/wp-json\/wp\/v2\/categories?post=119023"},{"taxonomy":"post_tag","embeddable":true,"href":"https:\/\/linitiative.ca\/International\/wp-json\/wp\/v2\/tags?post=119023"}],"curies":[{"name":"wp","href":"https:\/\/api.w.org\/{rel}","templated":true}]}}