{"id":119025,"date":"2021-06-20T10:18:01","date_gmt":"2021-06-20T14:18:01","guid":{"rendered":"https:\/\/linitiative.ca\/International\/laurent-gbagbo-a-la-cathedrale-saint-paul-dabidjan-plateau\/"},"modified":"2021-06-20T10:18:01","modified_gmt":"2021-06-20T14:18:01","slug":"laurent-gbagbo-a-la-cathedrale-saint-paul-dabidjan-plateau","status":"publish","type":"post","link":"https:\/\/linitiative.ca\/International\/laurent-gbagbo-a-la-cathedrale-saint-paul-dabidjan-plateau\/","title":{"rendered":"Laurent Gbagbo \u00e0 la cath\u00e9drale Saint-Paul d\u2019Abidjan-Plateau"},"content":{"rendered":"<div>\n<p><img loading=\"lazy\" decoding=\"async\" width=\"720\" height=\"371\" src=\"https:\/\/linitiative.ca\/International\/wp-content\/uploads\/sites\/23\/2021\/06\/16241986827903.jpg\" class=\"attachment-post-thumbnail size-post-thumbnail wp-post-image\" alt=\"\" srcset=\"https:\/\/linitiative.ca\/International\/wp-content\/uploads\/sites\/23\/2021\/06\/16241986827903.jpg 720w, https:\/\/www.journalducameroun.com\/wp-content\/uploads\/2021\/06\/16241986827903-300x155.jpg 300w, https:\/\/www.journalducameroun.com\/wp-content\/uploads\/2021\/06\/16241986827903-600x309.jpg 600w\" sizes=\"auto, (max-width: 720px) 100vw, 720px\"><\/p>\n<p>L&rsquo;ex-pr\u00e9sident ivoirien Laurent Gbagbo a assist\u00e9, dimanche, \u00e0 une messe d&rsquo;action de gr\u00e2ce \u00e0 la cath\u00e9drale Saint-Paul d&rsquo;Abidjan-Plateau.<\/p>\n<p>Ce d\u00e9placement de M. Gbagbo \u00e0 la cath\u00e9drale Saint-Paul d&rsquo;Abidjan-Plateau, intervient quatre jours apr\u00e8s \u00a0son retour en C\u00f4te d&rsquo;Ivoire.<\/p>\n<p>Acquitt\u00e9 par la Cour p\u00e9nale internationale (CPI), dans l&rsquo;affaire de crimes contre l&rsquo;humanit\u00e9 perp\u00e9tr\u00e9s lors des violences post\u00e9lectorales de 2010-2011, Laurent Gbagbo est arriv\u00e9 le jeudi \u00a017 juin 2021 \u00e0 Abidjan \u00a0o\u00f9 il a \u00e9t\u00e9 accueilli par des proches et une foule en liesse.<\/p>\n<p>\u00ab\u00a0Je suis heureux de retrouver la C\u00f4te d&rsquo;Ivoire et l&rsquo;Afrique. On est de quelque part, moi, je suis de la C\u00f4te d&rsquo;Ivoire, mais j&rsquo;ai appris en prison que je suis d&rsquo;Afrique\u00a0\u00bb, a d\u00e9clar\u00e9 Gbagbo, devant des centaines de partisans peu apr\u00e8s son arriv\u00e9e jeudi \u00e0 Abidjan.<\/p>\n<p>\u00ab\u00a0Toute l&rsquo;Afrique m&rsquo;a soutenu, \u00a0aussi bien les peuples que la plupart des chefs d&rsquo;Etat. Les chefs d&rsquo;Etat m&rsquo;ont aid\u00e9 \u00e0 tenir, les peuples m&rsquo;ont aid\u00e9 \u00e0 tenir\u00a0\u00bb, avait-il dit, saluant particuli\u00e8rement la mobilisation des Camerounais.<\/p>\n<p>Il avait ajout\u00e9 \u00eatre arriv\u00e9 dans son pays \u00ab\u00a0avec les larmes aux yeux\u00a0\u00bb, puisqu&rsquo;il n&rsquo;\u00e9tait pas l\u00e0 quand sa m\u00e8re l&rsquo;a quitt\u00e9 pour l&rsquo;au-del\u00e0, relatant qu&rsquo;apr\u00e8s son arrestation, elle a fui au Ghana, avant de revenir en C\u00f4te d&rsquo;Ivoire pousser son dernier souffle \u00ab\u00a0quand elle a su que sa fin \u00e9tait proche\u00a0\u00bb.<\/p>\n<p>L&rsquo;acquittement d\u00e9finitif de MM. Gbagbo et son co-accus\u00e9 Charles Bl\u00e9 Goud\u00e9, a \u00e9t\u00e9 prononc\u00e9 par la Chambre d&rsquo;appel de la Cour p\u00e9nale internationale (CPI) le 31 mars 2021. M. Bl\u00e9 Goud\u00e9, lui, effectue actuellement des d\u00e9marches administratives pour l&rsquo;obtention de documents avant son retour.\u00a0<\/p>\n<p>Cet article <a rel=\"nofollow\" href=\"https:\/\/www.journalducameroun.com\/laurent-gbagbo-a-la-cathedrale-saint-paul-dabidjan-plateau\/\">Laurent Gbagbo \u00e0 la cath\u00e9drale Saint-Paul d\u2019Abidjan-Plateau<\/a> est apparu en premier sur <a rel=\"nofollow\" href=\"https:\/\/www.journalducameroun.com\/\">Journal du Cameroun<\/a>.<\/p>\n<\/div>\n<p>Auteur: APA News<br \/>\n<a href=\"https:\/\/www.journalducameroun.com\/laurent-gbagbo-a-la-cathedrale-saint-paul-dabidjan-plateau\/\">Cliquez ici pour lire l&rsquo;article depuis sa source.<\/a><\/p>\n","protected":false},"excerpt":{"rendered":"<p>L&rsquo;ex-pr\u00e9sident ivoirien Laurent Gbagbo a assist\u00e9, dimanche, \u00e0 une messe d&rsquo;action de gr\u00e2ce \u00e0 la cath\u00e9drale Saint-Paul d&rsquo;Abidjan-Plateau. Ce d\u00e9placement de M. Gbagbo \u00e0 la cath\u00e9drale Saint-Paul d&rsquo;Abidjan-Plateau, intervient quatre jours apr\u00e8s \u00a0son retour en C\u00f4te d&rsquo;Ivoire. Acquitt\u00e9 par la Cour p\u00e9nale internationale (CPI), dans l&rsquo;affaire de crimes contre l&rsquo;humanit\u00e9 perp\u00e9tr\u00e9s lors des violences post\u00e9lectorales [&hellip;]<\/p>\n","protected":false},"author":1965,"featured_media":0,"comment_status":"closed","ping_status":"closed","sticky":false,"template":"","format":"standard","meta":{"fifu_image_url":"https:\/\/www.journalducameroun.com\/wp-content\/uploads\/2021\/06\/16241986827903.jpg","fifu_image_alt":"Laurent Gbagbo \u00e0 la cath\u00e9drale Saint-Paul d\u2019Abidjan-Plateau","footnotes":""},"categories":[73,82],"tags":[],"class_list":["post-119025","post","type-post","status-publish","format-standard","hentry","category-actualite","category-cameroun"],"_links":{"self":[{"href":"https:\/\/linitiative.ca\/International\/wp-json\/wp\/v2\/posts\/119025","targetHints":{"allow":["GET"]}}],"collection":[{"href":"https:\/\/linitiative.ca\/International\/wp-json\/wp\/v2\/posts"}],"about":[{"href":"https:\/\/linitiative.ca\/International\/wp-json\/wp\/v2\/types\/post"}],"author":[{"embeddable":true,"href":"https:\/\/linitiative.ca\/International\/wp-json\/wp\/v2\/users\/1965"}],"replies":[{"embeddable":true,"href":"https:\/\/linitiative.ca\/International\/wp-json\/wp\/v2\/comments?post=119025"}],"version-history":[{"count":0,"href":"https:\/\/linitiative.ca\/International\/wp-json\/wp\/v2\/posts\/119025\/revisions"}],"wp:attachment":[{"href":"https:\/\/linitiative.ca\/International\/wp-json\/wp\/v2\/media?parent=119025"}],"wp:term":[{"taxonomy":"category","embeddable":true,"href":"https:\/\/linitiative.ca\/International\/wp-json\/wp\/v2\/categories?post=119025"},{"taxonomy":"post_tag","embeddable":true,"href":"https:\/\/linitiative.ca\/International\/wp-json\/wp\/v2\/tags?post=119025"}],"curies":[{"name":"wp","href":"https:\/\/api.w.org\/{rel}","templated":true}]}}