{"id":119027,"date":"2021-06-20T12:18:01","date_gmt":"2021-06-20T16:18:01","guid":{"rendered":"https:\/\/linitiative.ca\/International\/hinneh-un-referent-des-ecoles-confessionnelles-islamiques-en-cote-divoire\/"},"modified":"2021-06-20T12:18:01","modified_gmt":"2021-06-20T16:18:01","slug":"hinneh-un-referent-des-ecoles-confessionnelles-islamiques-en-cote-divoire","status":"publish","type":"post","link":"https:\/\/linitiative.ca\/International\/hinneh-un-referent-des-ecoles-confessionnelles-islamiques-en-cote-divoire\/","title":{"rendered":"Hinneh, un r\u00e9f\u00e9rent des \u00e9coles confessionnelles islamiques en C\u00f4te d\u2019Ivoire"},"content":{"rendered":"<div>\n<p><img loading=\"lazy\" decoding=\"async\" width=\"1080\" height=\"720\" src=\"https:\/\/linitiative.ca\/International\/wp-content\/uploads\/sites\/23\/2021\/06\/16242058813609.jpg\" class=\"attachment-post-thumbnail size-post-thumbnail wp-post-image\" alt=\"\" srcset=\"https:\/\/linitiative.ca\/International\/wp-content\/uploads\/sites\/23\/2021\/06\/16242058813609.jpg 1080w, https:\/\/www.journalducameroun.com\/wp-content\/uploads\/2021\/06\/16242058813609-300x200.jpg 300w, https:\/\/www.journalducameroun.com\/wp-content\/uploads\/2021\/06\/16242058813609-768x512.jpg 768w, https:\/\/www.journalducameroun.com\/wp-content\/uploads\/2021\/06\/16242058813609-1024x683.jpg 1024w, https:\/\/www.journalducameroun.com\/wp-content\/uploads\/2021\/06\/16242058813609-660x440.jpg 660w, https:\/\/www.journalducameroun.com\/wp-content\/uploads\/2021\/06\/16242058813609-600x400.jpg 600w\" sizes=\"auto, (max-width: 1080px) 100vw, 1080px\"><\/p>\n<p>Les autorit\u00e9s ivoiriennes de l&rsquo;\u00e9ducation nationale ont trouv\u00e9, \u00abun r\u00e9f\u00e9rent \u00bb et \u00ab un mod\u00e8le\u00bb pour l&rsquo;int\u00e9gration des structures islamiques d&rsquo;\u00e9ducation dans le syst\u00e8me \u00e9ducatif formel.<\/p>\n<p>Ce \u00abr\u00e9f\u00e9rent et mod\u00e8le\u00bb est le Groupe scolaire confessionnel islamique Hinneh, situ\u00e9 \u00e0 Abobo Biabou, dans le nord de la capitale \u00e9conomique ivoirienne, dot\u00e9 d&rsquo;infrastructures modernes sur plusieurs hectares \u00e0 la hauteur de ses ambitions.<\/p>\n<p>Le Groupe scolaire Hinneh est \u00ab pour nous un r\u00e9f\u00e9rent, un mod\u00e8le dans la mesure o\u00f9 le pr\u00e9sident de la R\u00e9publique se soucie de l&rsquo;int\u00e9gration des structures islamiques dans l&rsquo;\u00e9ducation formelle \u00bb, a d\u00e9clar\u00e9 la ministre de l&rsquo;Education nationale et de l&rsquo;alphab\u00e9tisation, Prof Mariatou Kon\u00e9 qui a pr\u00e9sid\u00e9, samedi, la c\u00e9r\u00e9monie de proclamation des r\u00e9sultats de fin d&rsquo;ann\u00e9e et de r\u00e9compense des meilleurs \u00e9l\u00e8ves de cet \u00e9tablissement.<\/p>\n<p>\u00a0\u00ab Le Groupe scolaire Hinneh via le COSIM (Conseil sup\u00e9rieur des imams, des mosqu\u00e9es et des affaires islamiques en C\u00f4te d&rsquo;Ivoire) nous donne l&rsquo;exemple. Nous encourageons l&rsquo;ensemble des guides religieux sur l&rsquo;ensemble du territoire \u00e0 suivre cet exemple \u00bb, a-t-elle ajout\u00e9 \u00e0 l&rsquo;issue d&rsquo;une visite guid\u00e9e des locaux du Groupe scolaire.<\/p>\n<p>\u00ab Je voudrais f\u00e9liciter et encourager les initiateurs de ce groupe scolaire qui est dans la dynamique de ce que nous souhaitons pour les \u00e9coles confessionnelles islamiques.\u00bb, a poursuivi Mariatou Kon\u00e9, insistant que \u00ab l&rsquo;\u00e9cole ivoirienne doit \u00eatre une \u00e9cole inclusive, de qualit\u00e9, d&rsquo;excellence, de m\u00e9rite et d&rsquo;\u00e9quit\u00e9 \u00bb.<\/p>\n<p>La ministre de l&rsquo;Education nationale et de l&rsquo;alphab\u00e9tisation a par ailleurs \u00a0invit\u00e9 les \u00e9l\u00e8ves des \u00e9coles confessionnelles islamiques au travail pour \u00eatre du nombre des meilleurs \u00e9l\u00e8ves et des meilleurs citoyens de ce pays, \u00e0 l&rsquo;instar de ceux des autres \u00e9tablissements du syst\u00e8me \u00e9ducatif.<\/p>\n<p>Auparavant, le pr\u00e9sident du COSIM, Cheick A\u00efma Ousmane Diakit\u00e9 a invit\u00e9 les musulmans \u00e0 investir dans le domaine de l&rsquo;\u00e9ducation. \u00ab Je voudrais demander \u00e0 madame la ministre de continuer l&rsquo;int\u00e9gration des \u00e9coles medersa dans le syst\u00e8me \u00e9ducatif formel \u00bb, a dit l&rsquo;Imam Ousmane Diakit\u00e9.<\/p>\n<p>Ouvert en octobre 2018, le Groupe scolaire Hinneh compte \u00e0 ce jour 833 \u00e9l\u00e8ves encadr\u00e9s par 32 enseignants, selon son directeur Moussa Sangar\u00e9. Il s&rsquo;agit de 88 \u00e0 la maternelle, 247 au primaire et 500 au coll\u00e8ge.<\/p>\n<p>\u00ab Votre av\u00e8nement \u00e0 la t\u00eate de ce minist\u00e8re suscite de l&rsquo;espoir \u00bb a dit M. Sangar\u00e9, s&rsquo;adressant \u00e0 la ministre Mariatou Kon\u00e9, promettant que le Groupe scolaire Hinneh est pr\u00eat \u00e0 \u00eatre un \u00ab centre d&rsquo;incubateur \u00bb pour les r\u00e9formes qu&rsquo;elle initiera.<\/p>\n<p>Une table ronde a \u00e9t\u00e9 organis\u00e9e, le vendredi 18 juin 2021 \u00e0 Abidjan, en vue de mobiliser plus de 27 milliards FCFA pour la mise en \u0153uvre de la Strat\u00e9gie nationale d&rsquo;int\u00e9gration des enfants des structures islamiques d&rsquo;\u00e9ducation dans le syst\u00e8me \u00e9ducatif formel en C\u00f4te d&rsquo;Ivoire.<\/p>\n<p>Organis\u00e9e par le minist\u00e8re de l&rsquo;Education nationale et de l&rsquo;alphab\u00e9tisation, en partenariat avec l&rsquo;UNICEF et l&rsquo;Union europ\u00e9enne, cette table ronde vise \u00e0 mobiliser plus de 27 milliards de FCFA (55 millions de dollars) pour appuyer le gouvernement ivoirien dans la mise en oeuvre de cette strat\u00e9gie nationale.<\/p>\n<p>La Strat\u00e9gie nationale d&rsquo;int\u00e9gration des enfants des structures islamiques dans le syst\u00e8me \u00e9ducatif formel est une r\u00e9ponse de l&rsquo;Etat de C\u00f4te d&rsquo;Ivoire \u00e0 la probl\u00e9matique de 1,6 million d&rsquo;enfants et d&rsquo;adolescents hors du syst\u00e8me scolaire.<\/p>\n<p>Cette r\u00e9ponse cible d&rsquo;ici 2025, 330 000 enfants issus d&rsquo;environ 3000 structures islamiques d&rsquo;\u00e9ducation non reconnues par l&rsquo;Etat, rapporte l&rsquo;UNICEF selon qui la C\u00f4te d&rsquo;Ivoire s&rsquo;est fix\u00e9e l&rsquo;objectif ambitieux de compter parmi les pays ayant atteint l&rsquo;\u00e9mergence \u00e0 l&rsquo;horizon 2025 dans le cadre de son Plan national de d\u00e9veloppement 2021-2025.<\/p>\n<p>L&rsquo;int\u00e9gration de ces enfants dans le syst\u00e8me formel contribuera fortement \u00e0 l&rsquo;atteinte de l&rsquo;objectif de scolarisation universel de la C\u00f4te d&rsquo;Ivoire qui vise la scolarisation de tous les enfants de 6 \u00e0 16 ans, \u00e0 l&rsquo;horizon 2025.<\/p>\n<p>La strat\u00e9gie soumise dans le Programme d&rsquo;investissement public (PIP) du Gouvernement sera mise en \u0153uvre jusqu&rsquo;en 2025 pour un co\u00fbt estim\u00e9 \u00e0 environ 31 545 000 000 FCFA dont 16,2 milliards FCFA sur ressources propres de la C\u00f4te d&rsquo;Ivoire.<\/p>\n<p>Cet article <a rel=\"nofollow\" href=\"https:\/\/www.journalducameroun.com\/hinneh-un-referent-des-ecoles-confessionnelles-islamiques-en-cote-divoire\/\">Hinneh, un r\u00e9f\u00e9rent des \u00e9coles confessionnelles islamiques en C\u00f4te d\u2019Ivoire<\/a> est apparu en premier sur <a rel=\"nofollow\" href=\"https:\/\/www.journalducameroun.com\/\">Journal du Cameroun<\/a>.<\/p>\n<\/div>\n<p>Auteur: APA News<br \/>\n<a href=\"https:\/\/www.journalducameroun.com\/hinneh-un-referent-des-ecoles-confessionnelles-islamiques-en-cote-divoire\/\">Cliquez ici pour lire l&rsquo;article depuis sa source.<\/a><\/p>\n","protected":false},"excerpt":{"rendered":"<p>Les autorit\u00e9s ivoiriennes de l&rsquo;\u00e9ducation nationale ont trouv\u00e9, \u00abun r\u00e9f\u00e9rent \u00bb et \u00ab un mod\u00e8le\u00bb pour l&rsquo;int\u00e9gration des structures islamiques d&rsquo;\u00e9ducation dans le syst\u00e8me \u00e9ducatif formel. Ce \u00abr\u00e9f\u00e9rent et mod\u00e8le\u00bb est le Groupe scolaire confessionnel islamique Hinneh, situ\u00e9 \u00e0 Abobo Biabou, dans le nord de la capitale \u00e9conomique ivoirienne, dot\u00e9 d&rsquo;infrastructures modernes sur plusieurs hectares [&hellip;]<\/p>\n","protected":false},"author":1965,"featured_media":0,"comment_status":"closed","ping_status":"closed","sticky":false,"template":"","format":"standard","meta":{"fifu_image_url":"https:\/\/www.journalducameroun.com\/wp-content\/uploads\/2021\/06\/16242058813609.jpg","fifu_image_alt":"Hinneh, un r\u00e9f\u00e9rent des \u00e9coles confessionnelles islamiques en C\u00f4te d\u2019Ivoire","footnotes":""},"categories":[73,82],"tags":[],"class_list":["post-119027","post","type-post","status-publish","format-standard","hentry","category-actualite","category-cameroun"],"_links":{"self":[{"href":"https:\/\/linitiative.ca\/International\/wp-json\/wp\/v2\/posts\/119027","targetHints":{"allow":["GET"]}}],"collection":[{"href":"https:\/\/linitiative.ca\/International\/wp-json\/wp\/v2\/posts"}],"about":[{"href":"https:\/\/linitiative.ca\/International\/wp-json\/wp\/v2\/types\/post"}],"author":[{"embeddable":true,"href":"https:\/\/linitiative.ca\/International\/wp-json\/wp\/v2\/users\/1965"}],"replies":[{"embeddable":true,"href":"https:\/\/linitiative.ca\/International\/wp-json\/wp\/v2\/comments?post=119027"}],"version-history":[{"count":0,"href":"https:\/\/linitiative.ca\/International\/wp-json\/wp\/v2\/posts\/119027\/revisions"}],"wp:attachment":[{"href":"https:\/\/linitiative.ca\/International\/wp-json\/wp\/v2\/media?parent=119027"}],"wp:term":[{"taxonomy":"category","embeddable":true,"href":"https:\/\/linitiative.ca\/International\/wp-json\/wp\/v2\/categories?post=119027"},{"taxonomy":"post_tag","embeddable":true,"href":"https:\/\/linitiative.ca\/International\/wp-json\/wp\/v2\/tags?post=119027"}],"curies":[{"name":"wp","href":"https:\/\/api.w.org\/{rel}","templated":true}]}}