{"id":119029,"date":"2021-06-20T11:00:48","date_gmt":"2021-06-20T15:00:48","guid":{"rendered":"https:\/\/linitiative.ca\/International\/la-socapalm-accusee-de-pratiques-neocoloniales-dans-ses-plantations\/"},"modified":"2021-06-20T11:00:48","modified_gmt":"2021-06-20T15:00:48","slug":"la-socapalm-accusee-de-pratiques-neocoloniales-dans-ses-plantations","status":"publish","type":"post","link":"https:\/\/linitiative.ca\/International\/la-socapalm-accusee-de-pratiques-neocoloniales-dans-ses-plantations\/","title":{"rendered":"La Socapalm accus\u00e9e de pratiques n\u00e9ocoloniales dans ses plantations"},"content":{"rendered":"<div><div data-elementor-type=\"wp-post\" data-elementor-id=\"27604\" class=\"elementor elementor-27604\" data-elementor-settings=\"[]\">\n\t\t\t\t\t\t<div class=\"elementor-inner\">\n\t\t\t\t\t\t\t<div class=\"elementor-section-wrap\">\n\t\t\t\t\t\t\t<section class=\"has_ae_slider elementor-section elementor-top-section elementor-element elementor-element-47aa5891 elementor-section-boxed elementor-section-height-default elementor-section-height-default ae-bg-gallery-type-default\" data-id=\"47aa5891\" data-element_type=\"section\" data-settings='{\"ekit_has_onepagescroll_dot\":\"yes\"}'>\n\t\t\t\t\t\t<div class=\"elementor-container elementor-column-gap-default\">\n\t\t\t\t\t\t\t<div class=\"elementor-row\">\n\t\t\t\t\t<div class=\"has_ae_slider elementor-column elementor-col-100 elementor-top-column elementor-element elementor-element-5e683dfc ae-bg-gallery-type-default\" data-id=\"5e683dfc\" data-element_type=\"column\">\n\t\t\t<div class=\"elementor-column-wrap elementor-element-populated\">\n\t\t\t\t\t\t\t<div class=\"elementor-widget-wrap\">\n\t\t\t\t\t\t<div class=\"elementor-element elementor-element-2c10e943 elementor-widget elementor-widget-text-editor\" data-id=\"2c10e943\" data-element_type=\"widget\" data-settings='{\"ekit_we_effect_on\":\"none\"}' data-widget_type=\"text-editor.default\">\n\t\t\t\t<div class=\"elementor-widget-container\">\n\t\t\t\t\t<div class=\"elementor-text-editor elementor-clearfix\">\n<p>La Soci\u00e9t\u00e9 camerounaise de palmeraies (Socapalm) a rendu publics au mois d\u2019avril dernier ses \u00e9tats financiers au titre de l\u2019exercice 2020. Ceux-ci ressortent les chiffres de l\u2019entreprise avec un b\u00e9n\u00e9fice net apr\u00e8s pr\u00e9l\u00e8vement des imp\u00f4ts de 11,5 milliards de F, m\u00eame s\u2019il est en baisse de 684,4 millions de F en comparaison \u00e0 l\u2019exercice 2019. Ces belles performances sont pourtant l\u2019arbre qui cache la for\u00eat sur les activit\u00e9s peu orthodoxes dans les plantations de la filiale du groupement Palmcam (Palmeraies du Cameroun). L\u2019entreprise est en effet depuis le mois de mars dernier, sur le gril des organisations de d\u00e9fense de l\u2019environnement, et de la presse hollandaise, lesquelles l\u2019accuse d\u2019exploitation abusive et accaparement des terres aux communaut\u00e9s villageoises, d\u2019intimidation, de pollution de l\u2019environnement, de travail forc\u00e9 sans contrat, de d\u00e9forestation et m\u00eame de trafic d\u2019influence.<\/p>\n\n\n\n<p><strong>Lire aussi<\/strong> : <strong><a href=\"https:\/\/ecomatin.net\/socapalm-lletat-du-cameroun-va-percevoir-4755-milliardss-de-dividende-au-titre-de-lexercice-2020\/\">Socapalm : l\u2019Etat du Cameroun va percevoir 4,755 milliards de dividende au titre de l\u2019exercice 2020<\/a><\/strong><\/p>\n\n\n\n<p>L\u2019Ong hollandaise \u00ab Milieudefensie \u00bb, engag\u00e9e dans la d\u00e9fense de l\u2019environnement et des droits des communaut\u00e9s, sonne le tocsin dans un rapport rendu public le 4 mars dernier et intitul\u00e9 : \u00ab Palm Oil Certification: Not \u2018Out of the Woods\u2019 \u00bb. Le rapport d\u2019une trentaine de pages, r\u00e9sultant d\u2019une enqu\u00eate men\u00e9e entre d\u00e9cembre 2020 et janvier 2021, passe sous les fourches caudines le processus de certification des plantations et usines de production d\u2019huile de palme des soci\u00e9t\u00e9s du grand groupe belgo-luxembourgeois Socfin implant\u00e9 dans plusieurs pays sur le continent, et pr\u00e9cis\u00e9ment au Cameroun \u00e0 travers la Socapalm et la Safacam (Soci\u00e9t\u00e9 Africaine Foresti\u00e8re et Agricole du Cameroun). La certification RSPO (Roundtable on Sustainable Palm Oil) r\u00e9put\u00e9e durable, exigeante et reconnue, entam\u00e9e par la Socapalm, est mise en doute par l\u2019Ong qui d\u00e9nonce plusieurs dysfonctionnements et man\u0153uvres de l\u2019entreprise ayant entach\u00e9 le processus.<\/p>\n\n\n\n<p><strong>Abus n\u00e9ocoloniaux<\/strong><\/p>\n\n\n\n<p>La presse n\u00e9erlandaise s\u2019en est tout de suite fait l\u2019\u00e9cho, et a entrepris d\u2019en savoir un peu plus. Le quotidien \u00ab De Volkskrant \u00bb, l\u2019un des plus vieux des Pays-Bas, a entrepris de mener une enqu\u00eate dans les plantations de la Socapalm, notamment \u00e0 Mbongo, pour tenter de corroborer les d\u00e9nonciations pr\u00e9alables \u00ab Milieudefensie \u00bb. L\u2019article paru le 30 mai dernier sur son site et avec pour titre : \u00ab Retour \u00e0 l\u2019\u00e9poque coloniale : l\u2019huile de palme du Cameroun est certifi\u00e9e durable, mais la population est exploit\u00e9e \u00bb. Dans cet article, la Socapalm et son propri\u00e9taire Socfin, l\u2019un des plus grands acteurs mondiaux avec 187.000 hectares de plantations d\u2019huile de palme et d\u2019h\u00e9v\u00e9a en Asie et en Afrique, est accus\u00e9e d\u2019intimidation, travail forc\u00e9 sous contrat, d\u00e9forestation, pollution de l\u2019environnement et surtout accaparement des terres.<\/p>\n\n\n\n<p><strong>Lire aussi<\/strong> : <strong><a href=\"https:\/\/ecomatin.net\/normalisation-la-socapalm-en-quete-de-la-certification-rspo\/\">Normalisation : la Socapalm en qu\u00eate de la certification RSPO<\/a><\/strong><\/p>\n\n\n\n<p>A travers cette alerte, l\u2019Ong \u00ab Milieudefensie \u00bb appelle par ailleurs l\u2019attention des investisseurs qui soutiennent financi\u00e8rement le groupe Socfin. En l\u2019occurrence le groupe ING, une institution financi\u00e8re internationale de bancassurance bas\u00e9e aux Pays-Bas, r\u00e9put\u00e9e parmi les pr\u00eateurs majeurs de la holding Socfin en 2019. Depuis les nouvelles d\u00e9nonciations, \u00ab De Volkskrant \u00bb, citant un membre de \u00ab Milieudefensie \u00bb r\u00e9v\u00e8le que la banque a indiqu\u00e9 \u00e0 travers un de ses porte-paroles qu\u2019elle stoppait ses pr\u00eats \u00e0 l\u2019endroit du groupe Socfin, jusqu\u2019\u00e0 l\u2019aboutissement du processus de certification RSPO de ses plantations en Afrique, et \u00e9galement jusqu\u2019\u00e0 ce qu\u2019il prouve qu\u2019il n\u2019est pas coupable des griefs qui lui sont reproch\u00e9s.<\/p>\n\n\n\n<p><strong>La Socapalm d\u00e9ploie ses arguments de d\u00e9fense<\/strong><\/p>\n\n\n\n<p>La Soci\u00e9t\u00e9 camerounaise de palmeraies a mal \u00e0 son image en ce moment, avec ces accusations de l\u2019Ong hollandaise, amplifi\u00e9es par le journal hollandais \u00ab De Volkskrant \u00bb, au sujet de ses activit\u00e9s, alors qu\u2019elle est engag\u00e9e dans un processus de certification de ses plantations. L\u2019entreprise n\u2019est pas rest\u00e9e de marbre face \u00e0 tout ceci, et dans un communiqu\u00e9 publi\u00e9 le 8 juin dernier sur son site internet, ayant valeur de mise au point, elle tente autant que faire se peut de battre en br\u00e8che l\u2019ensemble de ces accusations. A propos des conflits fonciers avec les communaut\u00e9s, la Socapalm reconnait subrepticement qu\u2019il en existe et indique que \u00ab depuis plus de deux ans, afin de clarifier la situation fonci\u00e8re, objet de certaines tensions, et d\u2019\u00e9viter tout malentendu, un \u00e9tat des lieux de la concession a \u00e9t\u00e9 lanc\u00e9 en collaboration \u00e9troite avec l\u2019\u00c9tat \u00bb.<\/p>\n\n\n\n<p><strong>Lire aussi<\/strong> : <strong><a href=\"https:\/\/ecomatin.net\/agro-alimentaire-socapalm-investit-150-milliards-en-vingt-ans\/\">Agro-alimentaire: Socapalm investit 150 milliards en vingt ans<\/a><\/strong><\/p>\n\n\n\n<p>Egalement accus\u00e9e de violations de droits de l\u2019homme, et dans certains cas de harc\u00e8lement sexuel dans ses activit\u00e9s, l\u2019entreprise r\u00e9torque qu\u2019elle a mis en place une politique de tol\u00e9rance z\u00e9ro concernant le harc\u00e8lement, les violences faites aux femmes, et que \u00ab cette probl\u00e9matique a fait l\u2019objet d\u2019un audit sp\u00e9cifique de la part des auditeurs de SCS Global Services lors des audits de certifications des deux premi\u00e8res plantations ; durant cet audit sp\u00e9cifique, aucun \u00e9l\u00e9ment n\u2019a pu d\u00e9montrer ces all\u00e9gations \u00bb.<\/p>\n\n\n\n<p>Au sujet des man\u0153uvres visant \u00e0 influencer le travail de la mission d\u2019audit, la Socapalm reconna\u00eet en partie avoir offert des facilit\u00e9s aux auditeurs SCS Global Services notamment concernant leur logement, mais nie avoir mis \u00e0 leur disposition des moyens de locomotion pour les conduire dans leurs plantations. \u00ab L\u2019\u00e9quipe d\u2019experts consultants disposait de son propre moyen de transport, il ne s\u2019agissait pas d\u2019un v\u00e9hicule appartenant \u00e0 la Socapalm. Les experts ont \u00e9labor\u00e9 leur programme sans consulter la Socapalm, en toute ind\u00e9pendance \u00bb, argue l\u2019entreprise au capital social de 45,7 milliards de F.<\/p>\n\n\n\n<p><strong>Lire aussi<\/strong> : <strong><a href=\"https:\/\/ecomatin.net\/la-socapalm-realise-un-benefice-de-9-milliards-au-1er-semestre-2020-en-hausse-de-13\/\">La Socapalm r\u00e9alise un b\u00e9n\u00e9fice de 9 milliards au 1er semestre 2020, en hausse de 13%<\/a><\/strong><\/p>\n<\/div>\n\t\t\t\t<\/div>\n\t\t\t\t<\/div>\n\t\t\t\t\t\t<\/div>\n\t\t\t\t\t<\/div>\n\t\t<\/div>\n\t\t\t\t\t\t\t\t<\/div>\n\t\t\t\t\t<\/div>\n\t\t<\/section>\n\t\t\t\t<section class=\"has_ae_slider elementor-section elementor-top-section elementor-element elementor-element-0a0552d elementor-section-boxed elementor-section-height-default elementor-section-height-default ae-bg-gallery-type-default\" data-id=\"0a0552d\" data-element_type=\"section\" data-settings='{\"background_background\":\"classic\",\"ekit_has_onepagescroll_dot\":\"yes\"}'>\n\t\t\t\t\t\t<div class=\"elementor-container elementor-column-gap-default\">\n\t\t\t\t\t\t\t<div class=\"elementor-row\">\n\t\t\t\t\t<div class=\"has_ae_slider elementor-column elementor-col-100 elementor-top-column elementor-element elementor-element-23de28e ae-bg-gallery-type-default\" data-id=\"23de28e\" data-element_type=\"column\">\n\t\t\t<div class=\"elementor-column-wrap elementor-element-populated\">\n\t\t\t\t\t\t\t<div class=\"elementor-widget-wrap\">\n\t\t\t\t\t\t<div class=\"elementor-element elementor-element-adec300 elementor-widget elementor-widget-heading\" data-id=\"adec300\" data-element_type=\"widget\" data-settings='{\"ekit_we_effect_on\":\"none\"}' data-widget_type=\"heading.default\">\n\t\t\t\t<div class=\"elementor-widget-container\">\n\t\t\t<h3 class=\"elementor-heading-title elementor-size-default\">Certification : Controverse autour de la Certificat RSPO<\/h3>\t\t<\/div>\n\t\t\t\t<\/div>\n\t\t\t\t<section class=\"has_ae_slider elementor-section elementor-inner-section elementor-element elementor-element-917d187 elementor-section-boxed elementor-section-height-default elementor-section-height-default ae-bg-gallery-type-default\" data-id=\"917d187\" data-element_type=\"section\" data-settings='{\"ekit_has_onepagescroll_dot\":\"yes\"}'>\n\t\t\t\t\t\t<div class=\"elementor-container elementor-column-gap-default\">\n\t\t\t\t\t\t\t<div class=\"elementor-row\">\n\t\t\t\t\t<div class=\"has_ae_slider elementor-column elementor-col-50 elementor-inner-column elementor-element elementor-element-4c6e108 ae-bg-gallery-type-default\" data-id=\"4c6e108\" data-element_type=\"column\">\n\t\t\t<div class=\"elementor-column-wrap elementor-element-populated\">\n\t\t\t\t\t\t\t<div class=\"elementor-widget-wrap\">\n\t\t\t\t\t\t<div class=\"elementor-element elementor-element-572af89 elementor-widget elementor-widget-text-editor\" data-id=\"572af89\" data-element_type=\"widget\" data-settings='{\"ekit_we_effect_on\":\"none\"}' data-widget_type=\"text-editor.default\">\n\t\t\t\t<div class=\"elementor-widget-container\">\n\t\t\t\t\t<div class=\"elementor-text-editor elementor-clearfix\"><p>Dans son rapport son rapport \u00ab Palm Oil Certification: Not \u2018Out of the Woods\u2019 \u00bb publi\u00e9 le 4 mars dernier, l\u2019Ong \u00ab Milieudefensie \u00bb \u00e9pingle le Groupe Sofcin, engag\u00e9 dans un processus de certification de ses plantation au Cameroun, en C\u00f4te d\u2019Ivoire au Nigeria et en Sierra-Leone. Dans le cas du Cameroun o\u00f9 op\u00e8rent ses filiales Socapalm et Safacam, le rapport rel\u00e8ve plusieurs entorses au processus de certification, et d\u00e9nonce par cons\u00e9quent un travail b\u00e2cl\u00e9. Le groupe Socfin a choisi l\u2019entreprise SCS Global Services, l\u2019un des grands r\u00e9seaux de certification au monde, pour mener cette mission. L\u2019Ong d\u00e9plore cependant sa capacit\u00e9 \u00e0 v\u00e9rifier les conflits fonciers complexes, son manque d\u2019approche proactive pour associer la soci\u00e9t\u00e9 civile durant son inspection, et remet en doute son objectivit\u00e9 et son ind\u00e9pendance. Les auditeurs en mission au village Mbongo dans la r\u00e9gion du Littoral, se seraient laiss\u00e9s influencer par l\u2019entreprise en acceptant des facilit\u00e9s \u00e0 eux accord\u00e9es par celle-ci.<\/p>\n<p><span lang=\"FR-CM\">\u00ab Au Cameroun, l\u2019auditeur est arriv\u00e9 avec un chauffeur de Safacam et l\u2019agent de d\u00e9veloppement social et communautaire, qui est parti quand la r\u00e9union a commenc\u00e9.<\/span><\/p><\/div>\n\t\t\t\t<\/div>\n\t\t\t\t<\/div>\n\t\t\t\t\t\t<\/div>\n\t\t\t\t\t<\/div>\n\t\t<\/div>\n\t\t\t\t<div class=\"has_ae_slider elementor-column elementor-col-50 elementor-inner-column elementor-element elementor-element-8339677 ae-bg-gallery-type-default\" data-id=\"8339677\" data-element_type=\"column\">\n\t\t\t<div class=\"elementor-column-wrap elementor-element-populated\">\n\t\t\t\t\t\t\t<div class=\"elementor-widget-wrap\">\n\t\t\t\t\t\t<div class=\"elementor-element elementor-element-5b33673 elementor-widget elementor-widget-text-editor\" data-id=\"5b33673\" data-element_type=\"widget\" data-settings='{\"ekit_we_effect_on\":\"none\"}' data-widget_type=\"text-editor.default\">\n\t\t\t\t<div class=\"elementor-widget-container\">\n\t\t\t\t\t<div class=\"elementor-text-editor elementor-clearfix\"><p><span lang=\"FR-CM\">Dans l\u2019un des villages, les gens ont demand\u00e9 \u00e0 l\u2019\u00e9quipe d\u2019audit de partir en raison de leur incapacit\u00e9 \u00e0 r\u00e9pondre \u00e0 des questions telles que \u00ab pourquoi un auditeur qui vient examiner les activit\u00e9s de Safacam est h\u00e9berg\u00e9 par Safacam ? \u00bb et \u00ab pourquoi un v\u00e9rificateur [\u2026] utilise-t-il de l\u2019\u00e9quipement Safacam ? \u00bb, rel\u00e8ve \u00ab Milieudefensie \u00bb.<\/span><\/p>\n<p><span lang=\"FR-CM\">Son objectivit\u00e9 ainsi remise en question, SCS Global Services a r\u00e9agi \u00e0 travers un communiqu\u00e9 dans lequel elle reconnait la complexit\u00e9 de sa mission, et apporte quelques clarifications sur les griefs qui sont reproch\u00e9s \u00e0 ses auditeurs par ailleurs. A propos des conflits fonciers entre la Safacam et les communaut\u00e9s, SCS Global Services indique qu\u2019elle ne dispose pas d\u2019informations au sujet d\u2019un conflit entre la Safacam et les communaut\u00e9s. Elle d\u00e9ment par ailleurs avoir emprunt\u00e9 les v\u00e9hicules de l\u2019entreprise dans le cas de ses missions.<\/span><\/p><\/div>\n\t\t\t\t<\/div>\n\t\t\t\t<\/div>\n\t\t\t\t\t\t<\/div>\n\t\t\t\t\t<\/div>\n\t\t<\/div>\n\t\t\t\t\t\t\t\t<\/div>\n\t\t\t\t\t<\/div>\n\t\t<\/section>\n\t\t\t\t\t\t<\/div>\n\t\t\t\t\t<\/div>\n\t\t<\/div>\n\t\t\t\t\t\t\t\t<\/div>\n\t\t\t\t\t<\/div>\n\t\t<\/section>\n\t\t\t\t\t\t<\/div>\n\t\t\t\t\t\t<\/div>\n\t\t\t\t\t<\/div>\n\t\t<p>L\u2019article <a rel=\"nofollow\" href=\"https:\/\/ecomatin.net\/la-socapalm-accusee-de-pratiques-neocoloniales-dans-ses-plantations\/\">La Socapalm accus\u00e9e de pratiques n\u00e9ocoloniales dans ses plantations<\/a> est apparu en premier sur <a rel=\"nofollow\" href=\"https:\/\/ecomatin.net\/\">EcoMatin<\/a>.<\/p><\/div>\r\nAuteur: Yannick KENNE\r\n<a href=\"https:\/\/ecomatin.net\/la-socapalm-accusee-de-pratiques-neocoloniales-dans-ses-plantations\/\">Cliquez ici pour lire l&rsquo;article depuis sa source.<\/a><br \/>","protected":false},"excerpt":{"rendered":"<p>La Soci\u00e9t\u00e9 camerounaise de palmeraies (Socapalm) a rendu publics au mois d\u2019avril dernier ses \u00e9tats financiers au titre de l\u2019exercice 2020. Ceux-ci ressortent les chiffres de l\u2019entreprise avec un b\u00e9n\u00e9fice net apr\u00e8s pr\u00e9l\u00e8vement des imp\u00f4ts de 11,5 milliards de F, m\u00eame s\u2019il est en baisse de 684,4 millions de F en comparaison \u00e0 l\u2019exercice 2019. [&hellip;]<\/p>\n","protected":false},"author":1969,"featured_media":0,"comment_status":"closed","ping_status":"closed","sticky":false,"template":"","format":"standard","meta":{"fifu_image_url":"","fifu_image_alt":"","footnotes":""},"categories":[82,78],"tags":[],"class_list":["post-119029","post","type-post","status-publish","format-standard","hentry","category-cameroun","category-economie"],"_links":{"self":[{"href":"https:\/\/linitiative.ca\/International\/wp-json\/wp\/v2\/posts\/119029","targetHints":{"allow":["GET"]}}],"collection":[{"href":"https:\/\/linitiative.ca\/International\/wp-json\/wp\/v2\/posts"}],"about":[{"href":"https:\/\/linitiative.ca\/International\/wp-json\/wp\/v2\/types\/post"}],"author":[{"embeddable":true,"href":"https:\/\/linitiative.ca\/International\/wp-json\/wp\/v2\/users\/1969"}],"replies":[{"embeddable":true,"href":"https:\/\/linitiative.ca\/International\/wp-json\/wp\/v2\/comments?post=119029"}],"version-history":[{"count":0,"href":"https:\/\/linitiative.ca\/International\/wp-json\/wp\/v2\/posts\/119029\/revisions"}],"wp:attachment":[{"href":"https:\/\/linitiative.ca\/International\/wp-json\/wp\/v2\/media?parent=119029"}],"wp:term":[{"taxonomy":"category","embeddable":true,"href":"https:\/\/linitiative.ca\/International\/wp-json\/wp\/v2\/categories?post=119029"},{"taxonomy":"post_tag","embeddable":true,"href":"https:\/\/linitiative.ca\/International\/wp-json\/wp\/v2\/tags?post=119029"}],"curies":[{"name":"wp","href":"https:\/\/api.w.org\/{rel}","templated":true}]}}