{"id":119030,"date":"2021-06-20T12:10:21","date_gmt":"2021-06-20T16:10:21","guid":{"rendered":"https:\/\/linitiative.ca\/International\/decentralisation-2377-milliards-affectes-aux-regions-et-communes-en-2021\/"},"modified":"2021-06-20T12:10:21","modified_gmt":"2021-06-20T16:10:21","slug":"decentralisation-2377-milliards-affectes-aux-regions-et-communes-en-2021","status":"publish","type":"post","link":"https:\/\/linitiative.ca\/International\/decentralisation-2377-milliards-affectes-aux-regions-et-communes-en-2021\/","title":{"rendered":"D\u00e9centralisation : 237,7 milliards affect\u00e9s aux r\u00e9gions et communes en 2021"},"content":{"rendered":"<div>\n<p>Le Premier ministre, chef du gouvernement, Joseph Dion Ngute, par ailleurs pr\u00e9sident du Conseil national de la D\u00e9centralisation (CND), a pr\u00e9sid\u00e9 le 17 juin 2021, la premi\u00e8re session ordinaire de cette instance au titre de l\u2019ann\u00e9e 2021. Cette rencontre intervient apr\u00e8s la mise en place du dernier \u00e9l\u00e9ment du processus de d\u00e9centralisation que sont les r\u00e9gions. La rencontre du jour visait \u00e0 faire un bilan de la mise en \u0153uvre de la politique d\u00e9centralisation \u00e0 ce jour.<\/p>\n<p><strong>Lire aussi<\/strong> : <strong><a href=\"https:\/\/ecomatin.net\/decentralisation-400-000-f-a-700-000-f-mois-aux-executifs-regionaux-pour-tuer-le-temps\/\">D\u00e9centralisation : 400 000 F \u00e0 700 000 F\/mois aux ex\u00e9cutifs r\u00e9gionaux pour \u201ctuer\u201d le temps<\/a><\/strong><\/p>\n<p>L\u2019une des informations fortes qui ressort de cette rencontre est la baisse du montant des provisions budg\u00e9taires en faveur des r\u00e9gions et des communes au titre de l\u2019exercice 2021. Ce dernier passe alors de 590 milliards de Fcfa, \u00e0 237,7 milliards de Fcfa, soit une baisse de 352,3 milliards de Fcfa. Une baisse qui s\u2019explique selon le Secr\u00e9taire g\u00e9n\u00e9ral du minist\u00e8re des Finances, Gilbert Didier Edoa, repr\u00e9sentant le chef de ce d\u00e9partement minist\u00e9riel, par le retard pris dans le transfert de certaines comp\u00e9tences \u00e0 l\u2019ensemble des collectivit\u00e9s territoriales d\u00e9centralis\u00e9es. Information r\u00e9v\u00e9l\u00e9e lors de son allocution portant sur \u00ab\u00a0la mise \u00e0 disposition des ressources financi\u00e8res n\u00e9cessaires au fonctionnement des Conseils r\u00e9gionaux\u00a0\u00bb.<\/p>\n<p><strong>Lire aussi<\/strong> : <strong><a href=\"https:\/\/ecomatin.net\/decentralisation-358-milliards-destines-aux-communes-sont-bloques-dans-7-ministeres\/\">D\u00e9centralisation : 358 milliards destin\u00e9s aux communes sont bloqu\u00e9s dans 7 minist\u00e8res<\/a><\/strong><\/p>\n<p>Parmi les autres points \u00e0 l\u2019autre jour figuraient l\u2019allocution du minist\u00e8re de l\u2019Economie, de la planification et de l\u2019am\u00e9nagement du territoire Alamine Ousmane Mey sur \u00ab\u00a0l\u2019\u00e9valuation de l\u2019ex\u00e9cution physico-financi\u00e8re des projets financ\u00e9s par les ressources d\u2019investissement public transf\u00e9r\u00e9es aux collectivit\u00e9s territoriales d\u00e9centralis\u00e9es au titre de l\u2019exercice 2020\u00a0\u00bb. Il ressort ici qu\u2019il a \u00e9t\u00e9 transf\u00e9r\u00e9 aux Collectivit\u00e9s territoriales d\u00e9centralis\u00e9es, 99,25 milliards de Fcfa, avec un taux global d\u2019ex\u00e9cution physique de 88,54%. Le niveau de r\u00e9alisation physique des projets des communes financ\u00e9s par les ressources du Budget d\u2019investissement public transf\u00e9r\u00e9s aux communes connait pour sa part une am\u00e9lioration de 80,38%, soit une \u00e9volution de 8,18 point.<\/p>\n<p><strong>Lire aussi<\/strong> : <strong><a href=\"https:\/\/ecomatin.net\/dotation-generale-de-la-decentralisation-7-des-recettes-de-letat-transferees-aux-ctd-en-2021\/\">Dotation g\u00e9n\u00e9rale de la d\u00e9centralisation : 7% des recettes de l\u2019Etat transf\u00e9r\u00e9es aux CTD en 2021<\/a><\/strong><\/p>\n<p>Pour clore les travaux de cette premi\u00e8re session de l\u2019ann\u00e9e en cours, le Premier ministre a alors prescrit plusieurs recommandations \u00e0 l\u2019endroit des diff\u00e9rents acteurs impliqu\u00e9s dans le processus de la d\u00e9centralisation. Notamment le transfert des comp\u00e9tences aux r\u00e9gions et aux communes, qui ne l\u2019ont pas encore fait, de transmettre sans d\u00e9lais au ministre en charge de la d\u00e9centralisation, les projets\u00a0\u00a0de textes relatifs, assortis notamment de leurs cahiers de charges.<\/p>\n<p>L\u2019article <a rel=\"nofollow\" href=\"https:\/\/ecomatin.net\/decentralisation-2377-milliards-affectes-aux-regionss-et-communes-en-2021\/\">D\u00e9centralisation : 237,7 milliards affect\u00e9s aux r\u00e9gions et communes en 2021<\/a> est apparu en premier sur <a rel=\"nofollow\" href=\"https:\/\/ecomatin.net\/\">EcoMatin<\/a>.<\/p>\n<\/div>\n<p>Auteur: Cindy MBALA<br \/>\n<a href=\"https:\/\/ecomatin.net\/decentralisation-2377-milliards-affectes-aux-regionss-et-communes-en-2021\/\">Cliquez ici pour lire l&rsquo;article depuis sa source.<\/a><\/p>\n","protected":false},"excerpt":{"rendered":"<p>Le Premier ministre, chef du gouvernement, Joseph Dion Ngute, par ailleurs pr\u00e9sident du Conseil national de la D\u00e9centralisation (CND), a pr\u00e9sid\u00e9 le 17 juin 2021, la premi\u00e8re session ordinaire de cette instance au titre de l\u2019ann\u00e9e 2021. Cette rencontre intervient apr\u00e8s la mise en place du dernier \u00e9l\u00e9ment du processus de d\u00e9centralisation que sont les [&hellip;]<\/p>\n","protected":false},"author":1969,"featured_media":0,"comment_status":"closed","ping_status":"closed","sticky":false,"template":"","format":"standard","meta":{"fifu_image_url":"","fifu_image_alt":"","footnotes":""},"categories":[82,78],"tags":[],"class_list":["post-119030","post","type-post","status-publish","format-standard","hentry","category-cameroun","category-economie"],"_links":{"self":[{"href":"https:\/\/linitiative.ca\/International\/wp-json\/wp\/v2\/posts\/119030","targetHints":{"allow":["GET"]}}],"collection":[{"href":"https:\/\/linitiative.ca\/International\/wp-json\/wp\/v2\/posts"}],"about":[{"href":"https:\/\/linitiative.ca\/International\/wp-json\/wp\/v2\/types\/post"}],"author":[{"embeddable":true,"href":"https:\/\/linitiative.ca\/International\/wp-json\/wp\/v2\/users\/1969"}],"replies":[{"embeddable":true,"href":"https:\/\/linitiative.ca\/International\/wp-json\/wp\/v2\/comments?post=119030"}],"version-history":[{"count":0,"href":"https:\/\/linitiative.ca\/International\/wp-json\/wp\/v2\/posts\/119030\/revisions"}],"wp:attachment":[{"href":"https:\/\/linitiative.ca\/International\/wp-json\/wp\/v2\/media?parent=119030"}],"wp:term":[{"taxonomy":"category","embeddable":true,"href":"https:\/\/linitiative.ca\/International\/wp-json\/wp\/v2\/categories?post=119030"},{"taxonomy":"post_tag","embeddable":true,"href":"https:\/\/linitiative.ca\/International\/wp-json\/wp\/v2\/tags?post=119030"}],"curies":[{"name":"wp","href":"https:\/\/api.w.org\/{rel}","templated":true}]}}