{"id":119032,"date":"2021-06-20T14:06:46","date_gmt":"2021-06-20T18:06:46","guid":{"rendered":"https:\/\/linitiative.ca\/International\/materiaux-de-construction-letat-complice-de-la-flambee-des-prix\/"},"modified":"2021-06-20T14:06:46","modified_gmt":"2021-06-20T18:06:46","slug":"materiaux-de-construction-letat-complice-de-la-flambee-des-prix","status":"publish","type":"post","link":"https:\/\/linitiative.ca\/International\/materiaux-de-construction-letat-complice-de-la-flambee-des-prix\/","title":{"rendered":"Mat\u00e9riaux de construction : l\u2019\u00e9tat complice de la flamb\u00e9e des prix ?"},"content":{"rendered":"<div><div data-elementor-type=\"wp-post\" data-elementor-id=\"27622\" class=\"elementor elementor-27622\" data-elementor-settings=\"[]\">\n\t\t\t\t\t\t<div class=\"elementor-inner\">\n\t\t\t\t\t\t\t<div class=\"elementor-section-wrap\">\n\t\t\t\t\t\t\t<section class=\"has_ae_slider elementor-section elementor-top-section elementor-element elementor-element-283ddc75 elementor-section-boxed elementor-section-height-default elementor-section-height-default ae-bg-gallery-type-default\" data-id=\"283ddc75\" data-element_type=\"section\" data-settings='{\"ekit_has_onepagescroll_dot\":\"yes\"}'>\n\t\t\t\t\t\t<div class=\"elementor-container elementor-column-gap-default\">\n\t\t\t\t\t\t\t<div class=\"elementor-row\">\n\t\t\t\t\t<div class=\"has_ae_slider elementor-column elementor-col-100 elementor-top-column elementor-element elementor-element-55b15f15 ae-bg-gallery-type-default\" data-id=\"55b15f15\" data-element_type=\"column\">\n\t\t\t<div class=\"elementor-column-wrap elementor-element-populated\">\n\t\t\t\t\t\t\t<div class=\"elementor-widget-wrap\">\n\t\t\t\t\t\t<div class=\"elementor-element elementor-element-14202501 elementor-widget elementor-widget-text-editor\" data-id=\"14202501\" data-element_type=\"widget\" data-settings='{\"ekit_we_effect_on\":\"none\"}' data-widget_type=\"text-editor.default\">\n\t\t\t\t<div class=\"elementor-widget-container\">\n\t\t\t\t\t<div class=\"elementor-text-editor elementor-clearfix\">\n<p>On n\u2019en est plus \u00e0 la sp\u00e9culation comme l\u2019a indiqu\u00e9 le ministre du Commerce, Luc Magloire Mbarga Atangana, au mois d\u2019avril dernier, \u00e0 l\u2019occasion d\u2019une op\u00e9ration de v\u00e9rification de la disponibilit\u00e9 des stocks de denr\u00e9es alimentaires dans les magasins de Yaound\u00e9. Ce jour-l\u00e0, le patron de ce d\u00e9partement minist\u00e9riel avait fait une digression lors de la r\u00e9union de d\u00e9briefing de cette activit\u00e9 avec la presse, pour indiquer que les prix des mat\u00e9riaux de construction n\u2019avaient nullement subi une augmentation. Deux mois apr\u00e8s, on y est. Les prix des mat\u00e9riaux de construction dans leur ensemble flambent sur le march\u00e9 et diff\u00e8rent au gr\u00e9 des enseignes de distribution et aussi en fonction des villes.<\/p>\n\n\n\n<p><strong>Lire aussi<\/strong> : <strong><a href=\"https:\/\/ecomatin.net\/metallurgie-siderurgie-les-producteurs-locaux-vont-en-guerre-contre-les-importations-de-fer-a-beton\/\">M\u00e9tallurgie-sid\u00e9rurgie : les producteurs locaux vont en guerre contre les importations de fer \u00e0 b\u00e9ton<\/a><\/strong><\/p>\n\n\n\n<p>A Yaound\u00e9, un sac de ciment, mat\u00e9riau de base dans les chantiers de construction, co\u00fbte d\u00e9sormais entre 4800F et 5000F en fonction des surfaces de distribution alors qu\u2019il se situait autour de 4500F au mois de janvier 2021. Le Cameroun dispose pourtant d\u2019une gamme vari\u00e9e de ce produit fabriqu\u00e9 localement pour la plupart. Plusieurs op\u00e9rateurs ont obtenu des licences dans ce secteur. En plus des Cimenteries du Cameroun (Cimencam) avec une capacit\u00e9 de production de 2,5 millions de tonnes annuelles, on retrouve le nig\u00e9rian Dangote et ses 1,5 millions de tonnes ; le turc Eren avec 600 000 tonnes, le marocain Cimaf avec 500 000 tonnes. Dans la foul\u00e9e, de nouveaux op\u00e9rateurs font leur entr\u00e9e dans le secteur, \u00e0 l\u2019instar de l\u2019ivoirien Atlantic Group\u2026<\/p>\n\n\n\n<p><strong>Au-del\u00e0 des prix homologu\u00e9s<\/strong><\/p>\n\n\n\n<p>La production globale nationale est estim\u00e9e \u00e0 4,5 millions de tonnes en 2020, tandis que la demande nationale se chiffre autour de 3 millions de F selon les chiffres du minist\u00e8re du Commerce. La fili\u00e8re est porteuse, et sa lib\u00e9ralisation devrait pouvoir assurer la comp\u00e9titivit\u00e9 du march\u00e9 avec des prix concurrentiels pour laisser libre choix au consommateur. Ce qui ne semble pourtant pas le cas. Tout se passe comme si les op\u00e9rateurs avaient convenu des marges de prix en violation des prix homologu\u00e9s par le gouvernement, alors que les prix pratiqu\u00e9s sur le march\u00e9 ne devraient pas exc\u00e9der ceux-ci. En avril 2021, le prix homologu\u00e9 du ciment Cpj 35 est de 4700F, or sur le march\u00e9, il est vendu \u00e0 4900 voire 5000F, tandis que le ciment Dangote 42.5, cens\u00e9 co\u00fbter moins de 4900 tel que recommand\u00e9 par le gouvernement, s\u2019\u00e9l\u00e8ve \u00e0 plus de 5000F.<\/p>\n\n\n\n<p><strong>Lire aussi<\/strong> : <strong><a href=\"https:\/\/ecomatin.net\/marche-du-travail-les-gisements-demplois-a-explorer-en-2021\/\">March\u00e9 du travail : les gisements d\u2019emplois \u00e0 explorer en 2021<\/a><\/strong><\/p>\n\n\n\n<p>Il est du ciment, comme du fer \u00e0 b\u00e9ton. Les diff\u00e9rentes vari\u00e9t\u00e9s de ce mat\u00e9riau subissent aussi des rench\u00e9rissements que l\u2019on ne saurait expliquer. Le fer dit de \u00ab 6 \u00bb est pass\u00e9 de 1200F \u00e0 1750, le fer de \u00ab 8 \u00bb de 2700 \u00e0 3200F, le fer de 10 de 3800 \u00e0 4500, alors que le fer de 12 se vend d\u00e9sormais \u00e0 6500F au lieu de 4500F. Pourtant, la fili\u00e8re m\u00e9tallurgie-sid\u00e9rurgie est tout aussi porteuse de promesses que celle du ciment. Elle revendique une production annuelle \u00e9valu\u00e9e \u00e0 260.000 tonnes, et peut se gargariser d\u2019\u00eatre l\u2019une des rares fili\u00e8res du pays \u00e0 satisfaire la demande locale, laquelle se chiffre \u00e0 180.000 tonnes de fer \u00e0 b\u00e9ton par an, gr\u00e2ce notamment \u00e0 la contribution assez significative des trois leaders du march\u00e9 \u00e0 savoir, Prometal, les Aci\u00e9ries du Cameroun et Metafrique. Une production qui devrait s\u2019accroitre en 2021 avec 100.000 tonnes suppl\u00e9mentaires, gr\u00e2ce \u00e0 la mise en service d\u2019une nouvelle usine par le leader du march\u00e9 camerounais, Prometal, dans la zone industrielle de Douala-Bassa. Les op\u00e9rateurs de ce secteur plaident aupr\u00e8s des pouvoirs publics afin qu\u2019ils mettent r\u00e9ellement en application les mesures interdisant les importations de fer \u00e0 b\u00e9ton pour leur faire une concurrence d\u00e9loyale. Pour autant, ils n\u2019offrent pas de garantie pour assurer une stabilit\u00e9 des prix sur le march\u00e9.<\/p>\n\n\n\n<p><strong>Lire aussi<\/strong> : <strong><a href=\"https:\/\/ecomatin.net\/cimencam-investit-12-milliard-de-f-pour-la-construction-dune-usine-de-mortier-sec\/\">Cimencam investit 1,2 milliard de F pour la construction d\u2019une usine de mortier sec<\/a><\/strong><\/p>\n<\/div>\n\t\t\t\t<\/div>\n\t\t\t\t<\/div>\n\t\t\t\t\t\t<\/div>\n\t\t\t\t\t<\/div>\n\t\t<\/div>\n\t\t\t\t\t\t\t\t<\/div>\n\t\t\t\t\t<\/div>\n\t\t<\/section>\n\t\t\t\t<section class=\"has_ae_slider elementor-section elementor-top-section elementor-element elementor-element-d12c74f elementor-section-boxed elementor-section-height-default elementor-section-height-default ae-bg-gallery-type-default\" data-id=\"d12c74f\" data-element_type=\"section\" data-settings='{\"background_background\":\"classic\",\"ekit_has_onepagescroll_dot\":\"yes\"}'>\n\t\t\t\t\t\t<div class=\"elementor-container elementor-column-gap-default\">\n\t\t\t\t\t\t\t<div class=\"elementor-row\">\n\t\t\t\t\t<div class=\"has_ae_slider elementor-column elementor-col-100 elementor-top-column elementor-element elementor-element-c1d87d0 ae-bg-gallery-type-default\" data-id=\"c1d87d0\" data-element_type=\"column\">\n\t\t\t<div class=\"elementor-column-wrap elementor-element-populated\">\n\t\t\t\t\t\t\t<div class=\"elementor-widget-wrap\">\n\t\t\t\t\t\t<div class=\"elementor-element elementor-element-4169027 elementor-widget elementor-widget-heading\" data-id=\"4169027\" data-element_type=\"widget\" data-settings='{\"ekit_we_effect_on\":\"none\"}' data-widget_type=\"heading.default\">\n\t\t\t\t<div class=\"elementor-widget-container\">\n\t\t\t<h3 class=\"elementor-heading-title elementor-size-default\">L\u2019Etat-gendarme complice?<\/h3>\t\t<\/div>\n\t\t\t\t<\/div>\n\t\t\t\t<section class=\"has_ae_slider elementor-section elementor-inner-section elementor-element elementor-element-fb3b3d7 elementor-section-boxed elementor-section-height-default elementor-section-height-default ae-bg-gallery-type-default\" data-id=\"fb3b3d7\" data-element_type=\"section\" data-settings='{\"ekit_has_onepagescroll_dot\":\"yes\"}'>\n\t\t\t\t\t\t<div class=\"elementor-container elementor-column-gap-default\">\n\t\t\t\t\t\t\t<div class=\"elementor-row\">\n\t\t\t\t\t<div class=\"has_ae_slider elementor-column elementor-col-50 elementor-inner-column elementor-element elementor-element-cce8a49 ae-bg-gallery-type-default\" data-id=\"cce8a49\" data-element_type=\"column\">\n\t\t\t<div class=\"elementor-column-wrap elementor-element-populated\">\n\t\t\t\t\t\t\t<div class=\"elementor-widget-wrap\">\n\t\t\t\t\t\t<div class=\"elementor-element elementor-element-1f5e10c elementor-widget elementor-widget-text-editor\" data-id=\"1f5e10c\" data-element_type=\"widget\" data-settings='{\"ekit_we_effect_on\":\"none\"}' data-widget_type=\"text-editor.default\">\n\t\t\t\t<div class=\"elementor-widget-container\">\n\t\t\t\t\t<div class=\"elementor-text-editor elementor-clearfix\"><p><span lang=\"FR-CM\">La flamb\u00e9e des prix des mat\u00e9riaux de construction observ\u00e9e sur le march\u00e9 en ce moment est d\u2019autant plus inqui\u00e9tante que le gouvernement, responsable de la r\u00e9gulation du march\u00e9, se mure dans un silence inqui\u00e9tant. Il ne fait rien, ou pas assez pour prot\u00e9ger le consommateur. Il a fix\u00e9 des prix qui ne sont g\u00e9n\u00e9ralement pratiqu\u00e9s qu\u2019au gr\u00e9 de ses visites sur le terrain, lesquels repartent aussit\u00f4t en hausse au terme de celles-ci. Des tendances inflationnistes r\u00e9guli\u00e8rement d\u00e9menties par le gouvernement, comme c\u2019\u00e9tait encore le cas en avril dernier, lorsque le ministre du Commerce, Luc Magloire Mbarga Atangana indiquait, au sujet des sp\u00e9culations autour de la hausse des prix de mat\u00e9riaux de construction, qu\u2019il n\u2019en n\u2019\u00e9tait rien. Et pour convaincre ses interlocuteurs de la presse, il leur remettait une grille des prix homologu\u00e9s du ciment et du fer \u00e0 b\u00e9ton (toute gamme comprise), alors que la tendance \u00e9tait justement \u00e0 l\u2019inflation depuis le d\u00e9but de l\u2019ann\u00e9e.<\/span><\/p>\n<p><span lang=\"FR-CM\">Il est difficile d\u2019\u00e9tablir l\u2019origine de cette inflation, tout au moins pour les mat\u00e9riaux de construction, mais comme par enchantement, la pand\u00e9mie de Coronavirus est \u00e9voqu\u00e9e comme l\u2019alibi id\u00e9al pour justifier cette hausse des prix. Pour le pr\u00e9sident de l\u2019Assembl\u00e9e g\u00e9n\u00e9rale de l\u2019Ordre national des architectes du Cameroun, Abdou Mbilambozoum, la crise sanitaire a eu de graves cons\u00e9quences sur la production, et a pu occasionner une hausse des prix. \u00ab Je pense que les usines qui fabriquent les mat\u00e9riaux ne sont pas \u00e0 leur top niveau de production. Et cela a une incidence sur les prix. Il m\u2019est arriv\u00e9 d\u2019acheter un sac de ciment \u00e0 Maroua \u00e0 7500F. Lorsqu\u2019il y a p\u00e9nurie ici, et que les fronti\u00e8res sont ferm\u00e9es, les prix grimpent. Quand les fronti\u00e8res n\u2019\u00e9taient pas ferm\u00e9es, le Nigeria ravitaillait le march\u00e9 local, mais l\u00e0, c\u2019est vraiment compliqu\u00e9 \u00bb, d\u00e9chante l\u2019architecte.<\/span><\/p><\/div>\n\t\t\t\t<\/div>\n\t\t\t\t<\/div>\n\t\t\t\t\t\t<\/div>\n\t\t\t\t\t<\/div>\n\t\t<\/div>\n\t\t\t\t<div class=\"has_ae_slider elementor-column elementor-col-50 elementor-inner-column elementor-element elementor-element-085eb71 ae-bg-gallery-type-default\" data-id=\"085eb71\" data-element_type=\"column\">\n\t\t\t<div class=\"elementor-column-wrap elementor-element-populated\">\n\t\t\t\t\t\t\t<div class=\"elementor-widget-wrap\">\n\t\t\t\t\t\t<div class=\"elementor-element elementor-element-fcaa9a9 elementor-widget elementor-widget-text-editor\" data-id=\"fcaa9a9\" data-element_type=\"widget\" data-settings='{\"ekit_we_effect_on\":\"none\"}' data-widget_type=\"text-editor.default\">\n\t\t\t\t<div class=\"elementor-widget-container\">\n\t\t\t\t\t<div class=\"elementor-text-editor elementor-clearfix\"><p><b>Les mat\u00e9riaux locaux comme option<\/b><\/p>\n<p><span lang=\"FR-CM\">Le ciment et le fer \u00e0 b\u00e9ton, objets d\u2019inflation actuellement sur le march\u00e9 camerounais, sont tr\u00e8s pris\u00e9s dans le domaine des B\u00e2timents et Travaux publics au Cameroun, et la grande majorit\u00e9 des Camerounais qui r\u00eavent d\u2019un habitat sont souvent confront\u00e9s au casse-t\u00eate de leur acquisition pour se convaincre de l\u2019effectivit\u00e9 de leurs projets de construction. Et pourtant, l\u2019habitat peut bien se passer dans certains cas de ces mat\u00e9riaux. Le ciment, \u00e9l\u00e9ment indispensable dans les BTP, repr\u00e9sente 40 \u00e0 45% des mat\u00e9riaux pour la construction d\u2019une maison.<\/span><\/p>\n<p><span lang=\"FR-CM\">A l\u2019Ordre national des architectes du Cameroun, des voix autoris\u00e9es esp\u00e8rent que les consommateurs, tout au moins ceux qui envisagent de se doter d\u2019une maison, pourraient renoncer \u00e0 l\u2019obstination de l\u2019acquisition \u00e0 tout prix du ciment et du fer \u00e0 b\u00e9ton dans le contexte actuel marqu\u00e9e par les prix en hausse, pour se tourner vers l\u2019usage des mat\u00e9riaux locaux comme alternative pour leurs projets. \u00ab Nous pr\u00f4nons l\u2019habitat d\u00e9cent. \u00c7a va inciter le Camerounais \u00e0 revenir \u00e0 la promotion des mat\u00e9riaux locaux. Nous avons le bois, la pierre, la terre, et nous ne savons pas en faire bon usage. Il faudrait que cette flamb\u00e9e des prix nous ram\u00e8ne \u00e0 la raison, afin que nous puissions faire bon usage de ces mat\u00e9riaux que la nature nous a offert gracieusement \u00bb, plaide Abdou Mbilambozoum, pr\u00e9sident de l\u2019Assembl\u00e9e g\u00e9n\u00e9rale de l\u2019Ordre national des architectes du Cameroun.<\/span><\/p>\n<p><span lang=\"FR-CM\">Au Cameroun, c\u2019est pour faire la promotion de l\u2019habitat d\u00e9cent \u00e0 base de mat\u00e9riaux locaux que le Pr\u00e9sident de la R\u00e9publique a cr\u00e9\u00e9 le 18 septembre 1990 la Mission de promotion des mat\u00e9riaux locaux (Mipromalo), avec pour objet de valoriser l\u2019emploi des mat\u00e9riaux locaux en vue de r\u00e9duire les co\u00fbts de r\u00e9alisation des \u00e9quipements nationaux.<\/span><\/p><\/div>\n\t\t\t\t<\/div>\n\t\t\t\t<\/div>\n\t\t\t\t\t\t<\/div>\n\t\t\t\t\t<\/div>\n\t\t<\/div>\n\t\t\t\t\t\t\t\t<\/div>\n\t\t\t\t\t<\/div>\n\t\t<\/section>\n\t\t\t\t\t\t<\/div>\n\t\t\t\t\t<\/div>\n\t\t<\/div>\n\t\t\t\t\t\t\t\t<\/div>\n\t\t\t\t\t<\/div>\n\t\t<\/section>\n\t\t\t\t\t\t<\/div>\n\t\t\t\t\t\t<\/div>\n\t\t\t\t\t<\/div>\n\t\t<p>L\u2019article <a rel=\"nofollow\" href=\"https:\/\/ecomatin.net\/materiaux-de-construction-letat-complice-de-la-flambee-des-prix\/\">Mat\u00e9riaux de construction : l\u2019\u00e9tat complice de la flamb\u00e9e des prix ?<\/a> est apparu en premier sur <a rel=\"nofollow\" href=\"https:\/\/ecomatin.net\/\">EcoMatin<\/a>.<\/p><\/div>\r\nAuteur: Yannick KENNE\r\n<a href=\"https:\/\/ecomatin.net\/materiaux-de-construction-letat-complice-de-la-flambee-des-prix\/\">Cliquez ici pour lire l&rsquo;article depuis sa source.<\/a><br \/>","protected":false},"excerpt":{"rendered":"<p>On n\u2019en est plus \u00e0 la sp\u00e9culation comme l\u2019a indiqu\u00e9 le ministre du Commerce, Luc Magloire Mbarga Atangana, au mois d\u2019avril dernier, \u00e0 l\u2019occasion d\u2019une op\u00e9ration de v\u00e9rification de la disponibilit\u00e9 des stocks de denr\u00e9es alimentaires dans les magasins de Yaound\u00e9. Ce jour-l\u00e0, le patron de ce d\u00e9partement minist\u00e9riel avait fait une digression lors de [&hellip;]<\/p>\n","protected":false},"author":1969,"featured_media":0,"comment_status":"closed","ping_status":"closed","sticky":false,"template":"","format":"standard","meta":{"fifu_image_url":"","fifu_image_alt":"","footnotes":""},"categories":[82,78],"tags":[],"class_list":["post-119032","post","type-post","status-publish","format-standard","hentry","category-cameroun","category-economie"],"_links":{"self":[{"href":"https:\/\/linitiative.ca\/International\/wp-json\/wp\/v2\/posts\/119032","targetHints":{"allow":["GET"]}}],"collection":[{"href":"https:\/\/linitiative.ca\/International\/wp-json\/wp\/v2\/posts"}],"about":[{"href":"https:\/\/linitiative.ca\/International\/wp-json\/wp\/v2\/types\/post"}],"author":[{"embeddable":true,"href":"https:\/\/linitiative.ca\/International\/wp-json\/wp\/v2\/users\/1969"}],"replies":[{"embeddable":true,"href":"https:\/\/linitiative.ca\/International\/wp-json\/wp\/v2\/comments?post=119032"}],"version-history":[{"count":0,"href":"https:\/\/linitiative.ca\/International\/wp-json\/wp\/v2\/posts\/119032\/revisions"}],"wp:attachment":[{"href":"https:\/\/linitiative.ca\/International\/wp-json\/wp\/v2\/media?parent=119032"}],"wp:term":[{"taxonomy":"category","embeddable":true,"href":"https:\/\/linitiative.ca\/International\/wp-json\/wp\/v2\/categories?post=119032"},{"taxonomy":"post_tag","embeddable":true,"href":"https:\/\/linitiative.ca\/International\/wp-json\/wp\/v2\/tags?post=119032"}],"curies":[{"name":"wp","href":"https:\/\/api.w.org\/{rel}","templated":true}]}}