{"id":119039,"date":"2021-06-21T11:14:42","date_gmt":"2021-06-21T15:14:42","guid":{"rendered":"https:\/\/linitiative.ca\/International\/covid-19-maroc-la-situation-epidemiologique-au-21-juin-2021-a-16h00\/"},"modified":"2021-06-21T11:14:42","modified_gmt":"2021-06-21T15:14:42","slug":"covid-19-maroc-la-situation-epidemiologique-au-21-juin-2021-a-16h00","status":"publish","type":"post","link":"https:\/\/linitiative.ca\/International\/covid-19-maroc-la-situation-epidemiologique-au-21-juin-2021-a-16h00\/","title":{"rendered":"Covid-19 \/ Maroc : La situation \u00e9pid\u00e9miologique au 21 juin 2021 \u00e0 16H00"},"content":{"rendered":"<div>\n<p><img decoding=\"async\" width=\"300\" height=\"153\" src=\"https:\/\/linitiative.ca\/International\/wp-content\/uploads\/sites\/23\/2021\/06\/Hopital-Maroc-Covid-19-Coronavirus-300x153-1.jpg\" class=\"attachment-medium size-medium wp-post-image\" alt=\"\" loading=\"lazy\" srcset=\"\/\/aujourdhui.ma\/wp-content\/uploads\/2021\/06\/Hopital-Maroc-Covid-19-Coronavirus-300x153.jpg 300w, \/\/aujourdhui.ma\/wp-content\/uploads\/2021\/06\/Hopital-Maroc-Covid-19-Coronavirus-274x140.jpg 274w, \/\/aujourdhui.ma\/wp-content\/uploads\/2021\/06\/Hopital-Maroc-Covid-19-Coronavirus.jpg 746w, \/\/aujourdhui.ma\/wp-content\/uploads\/2021\/06\/Hopital-Maroc-Covid-19-Coronavirus-165x84.jpg 165w, \/\/aujourdhui.ma\/wp-content\/uploads\/2021\/06\/Hopital-Maroc-Covid-19-Coronavirus-702x358.jpg 702w\" sizes=\"auto, (max-width: 300px) 100vw, 300px\"><\/p>\n<p><span style=\"color: #800000;\"><span style=\"font-size: 24px;\"><strong>Entre hier \u00e0 16H00 et aujourd\u2019hui \u00e0 16H00<\/strong><\/span><span id=\"more-374899\"><\/span><span id=\"more-375226\"><\/span><span id=\"more-376292\"><\/span><span id=\"more-376389\"><\/span><span id=\"more-377832\"><\/span><span id=\"more-379635\"><\/span><\/span><\/p>\n<p><span style=\"color: #800000;\"><span style=\"color: #000000;\">86<\/span> <\/span> nouveaux cas soit un cumul de 526.737 cas \u00e0 ce jour.<br \/>\n217 gu\u00e9risons soit un cumul de 513.898 \u00e0 ce jour.<br \/>\n6 nouveaux d\u00e9c\u00e8s donc un cumul de 9.244 \u00e0 ce jour.<\/p>\n<p><strong><span style=\"color: #ff0000;\">Nombre de personnes vaccin\u00e9es au 21 juin 16H00<\/span><\/strong><br \/>\n<strong>1\u00e8re dose<\/strong><br \/>\n<span style=\"color: #ff0000;\"><strong>9.463.219<\/strong><\/span><br \/>\n<strong>2\u00e8me dose<\/strong><br \/>\n<span style=\"color: #ff0000;\"><strong>8.300.556<\/strong><\/span><\/p>\n<p><a href=\"https:\/\/aujourdhui.ma\/wp-content\/uploads\/2021\/06\/Coronavirus21062021_page-0001.jpg\"><img decoding=\"async\" loading=\"lazy\" class=\"alignnone size-large wp-image-379640\" src=\"https:\/\/linitiative.ca\/International\/wp-content\/uploads\/sites\/23\/2021\/06\/Coronavirus21062021_page-0001-724x1024-1.jpg\" alt=\"\" width=\"724\" height=\"1024\" srcset=\"\/\/aujourdhui.ma\/wp-content\/uploads\/2021\/06\/Coronavirus21062021_page-0001-724x1024.jpg 724w, \/\/aujourdhui.ma\/wp-content\/uploads\/2021\/06\/Coronavirus21062021_page-0001-212x300.jpg 212w, \/\/aujourdhui.ma\/wp-content\/uploads\/2021\/06\/Coronavirus21062021_page-0001-768x1086.jpg 768w, \/\/aujourdhui.ma\/wp-content\/uploads\/2021\/06\/Coronavirus21062021_page-0001-1086x1536.jpg 1086w, \/\/aujourdhui.ma\/wp-content\/uploads\/2021\/06\/Coronavirus21062021_page-0001.jpg 1241w\" sizes=\"auto, (max-width: 724px) 100vw, 724px\"><\/a> <a href=\"https:\/\/aujourdhui.ma\/wp-content\/uploads\/2021\/06\/Coronavirus21062021_page-0002.jpg\"><img decoding=\"async\" loading=\"lazy\" class=\"alignnone size-large wp-image-379641\" src=\"https:\/\/linitiative.ca\/International\/wp-content\/uploads\/sites\/23\/2021\/06\/Coronavirus21062021_page-0002-724x1024-1.jpg\" alt=\"\" width=\"724\" height=\"1024\" srcset=\"\/\/aujourdhui.ma\/wp-content\/uploads\/2021\/06\/Coronavirus21062021_page-0002-724x1024.jpg 724w, \/\/aujourdhui.ma\/wp-content\/uploads\/2021\/06\/Coronavirus21062021_page-0002-212x300.jpg 212w, \/\/aujourdhui.ma\/wp-content\/uploads\/2021\/06\/Coronavirus21062021_page-0002-768x1086.jpg 768w, \/\/aujourdhui.ma\/wp-content\/uploads\/2021\/06\/Coronavirus21062021_page-0002-1086x1536.jpg 1086w, \/\/aujourdhui.ma\/wp-content\/uploads\/2021\/06\/Coronavirus21062021_page-0002.jpg 1241w\" sizes=\"auto, (max-width: 724px) 100vw, 724px\"><\/a> <a href=\"https:\/\/aujourdhui.ma\/wp-content\/uploads\/2021\/06\/Coronavirus21062021_page-0003.jpg\"><img decoding=\"async\" loading=\"lazy\" class=\"alignnone size-large wp-image-379642\" src=\"https:\/\/linitiative.ca\/International\/wp-content\/uploads\/sites\/23\/2021\/06\/Coronavirus21062021_page-0003-724x1024-1.jpg\" alt=\"\" width=\"724\" height=\"1024\" srcset=\"\/\/aujourdhui.ma\/wp-content\/uploads\/2021\/06\/Coronavirus21062021_page-0003-724x1024.jpg 724w, \/\/aujourdhui.ma\/wp-content\/uploads\/2021\/06\/Coronavirus21062021_page-0003-212x300.jpg 212w, \/\/aujourdhui.ma\/wp-content\/uploads\/2021\/06\/Coronavirus21062021_page-0003-768x1086.jpg 768w, \/\/aujourdhui.ma\/wp-content\/uploads\/2021\/06\/Coronavirus21062021_page-0003-1086x1536.jpg 1086w, \/\/aujourdhui.ma\/wp-content\/uploads\/2021\/06\/Coronavirus21062021_page-0003.jpg 1241w\" sizes=\"auto, (max-width: 724px) 100vw, 724px\"><\/a> <a href=\"https:\/\/aujourdhui.ma\/wp-content\/uploads\/2021\/06\/Coronavirus21062021_page-0004.jpg\"><img decoding=\"async\" loading=\"lazy\" class=\"alignnone size-large wp-image-379643\" src=\"https:\/\/linitiative.ca\/International\/wp-content\/uploads\/sites\/23\/2021\/06\/Coronavirus21062021_page-0004-1024x724-1.jpg\" alt=\"\" width=\"1000\" height=\"707\" srcset=\"\/\/aujourdhui.ma\/wp-content\/uploads\/2021\/06\/Coronavirus21062021_page-0004-1024x724.jpg 1024w, \/\/aujourdhui.ma\/wp-content\/uploads\/2021\/06\/Coronavirus21062021_page-0004-300x212.jpg 300w, \/\/aujourdhui.ma\/wp-content\/uploads\/2021\/06\/Coronavirus21062021_page-0004-768x543.jpg 768w, \/\/aujourdhui.ma\/wp-content\/uploads\/2021\/06\/Coronavirus21062021_page-0004-1536x1086.jpg 1536w, \/\/aujourdhui.ma\/wp-content\/uploads\/2021\/06\/Coronavirus21062021_page-0004.jpg 1755w\" sizes=\"auto, (max-width: 1000px) 100vw, 1000px\"><\/a><\/p>\n<\/div>\n<p>Auteur: ALM<br \/>\n<a href=\"https:\/\/aujourdhui.ma\/societe\/covid-19-maroc-la-situation-epidemiologique-au-21-juin-2021-a-16h00\">Cliquez ici pour lire l&rsquo;article depuis sa source.<\/a><\/p>\n","protected":false},"excerpt":{"rendered":"<p>Entre hier \u00e0 16H00 et aujourd\u2019hui \u00e0 16H00 86 nouveaux cas soit un cumul de 526.737 cas \u00e0 ce jour. 217 gu\u00e9risons soit un cumul de 513.898 \u00e0 ce jour. 6 nouveaux d\u00e9c\u00e8s donc un cumul de 9.244 \u00e0 ce jour. Nombre de personnes vaccin\u00e9es au 21 juin 16H00 1\u00e8re dose 9.463.219 2\u00e8me dose 8.300.556 [&hellip;]<\/p>\n","protected":false},"author":1759,"featured_media":0,"comment_status":"closed","ping_status":"closed","sticky":false,"template":"","format":"standard","meta":{"fifu_image_url":"https:\/\/aujourdhui.ma\/wp-content\/uploads\/2021\/06\/Hopital-Maroc-Covid-19-Coronavirus-300x153.jpg","fifu_image_alt":"Covid-19 \/ Maroc : La situation \u00e9pid\u00e9miologique au 21 juin 2021 \u00e0 16H00","footnotes":""},"categories":[73,54],"tags":[],"class_list":["post-119039","post","type-post","status-publish","format-standard","hentry","category-actualite","category-maroc"],"_links":{"self":[{"href":"https:\/\/linitiative.ca\/International\/wp-json\/wp\/v2\/posts\/119039","targetHints":{"allow":["GET"]}}],"collection":[{"href":"https:\/\/linitiative.ca\/International\/wp-json\/wp\/v2\/posts"}],"about":[{"href":"https:\/\/linitiative.ca\/International\/wp-json\/wp\/v2\/types\/post"}],"author":[{"embeddable":true,"href":"https:\/\/linitiative.ca\/International\/wp-json\/wp\/v2\/users\/1759"}],"replies":[{"embeddable":true,"href":"https:\/\/linitiative.ca\/International\/wp-json\/wp\/v2\/comments?post=119039"}],"version-history":[{"count":0,"href":"https:\/\/linitiative.ca\/International\/wp-json\/wp\/v2\/posts\/119039\/revisions"}],"wp:attachment":[{"href":"https:\/\/linitiative.ca\/International\/wp-json\/wp\/v2\/media?parent=119039"}],"wp:term":[{"taxonomy":"category","embeddable":true,"href":"https:\/\/linitiative.ca\/International\/wp-json\/wp\/v2\/categories?post=119039"},{"taxonomy":"post_tag","embeddable":true,"href":"https:\/\/linitiative.ca\/International\/wp-json\/wp\/v2\/tags?post=119039"}],"curies":[{"name":"wp","href":"https:\/\/api.w.org\/{rel}","templated":true}]}}