{"id":119048,"date":"2021-06-20T14:00:00","date_gmt":"2021-06-20T18:00:00","guid":{"rendered":"https:\/\/linitiative.ca\/International\/plaidoyer-pour-un-systeme-de-sante-equitable\/"},"modified":"2021-06-20T14:00:00","modified_gmt":"2021-06-20T18:00:00","slug":"plaidoyer-pour-un-systeme-de-sante-equitable","status":"publish","type":"post","link":"https:\/\/linitiative.ca\/International\/plaidoyer-pour-un-systeme-de-sante-equitable\/","title":{"rendered":"Plaidoyer pour un syst\u00e8me de sant\u00e9 \u00e9quitable"},"content":{"rendered":"<div>\n<p class=\"has-text-align-center has-vivid-red-color has-text-color\"><strong>Droit pour tous \u00e0 la sant\u00e9<\/strong><\/p>\n<p class=\"has-text-align-right\"><strong>Ouardirhi Abdelaziz<\/strong><\/p>\n<p class=\"has-text-color\" style=\"color:#0638e5\"><strong>Le droit \u00e0 la sant\u00e9 suppose que les pouvoirs publics cr\u00e9ent des conditions de telle sorte que chacun puisse jouir du meilleur \u00e9tat de sant\u00e9 possible, <\/strong><strong>sans se pr\u00e9occuper des moyens dont il dispose pour \u00eatre correctement et dignement soign\u00e9. C\u2019est ce que le Maroc est en train de r\u00e9aliser\u00a0gr\u00e2ce \u00e0 la mise en place de la couverture m\u00e9dicale universelle.<\/strong><\/p>\n<p>Le droit \u00e0 la sant\u00e9 est un droit fondamental pour\u00a0 chaque citoyen, un droit que l\u2019Etat a le devoir de prot\u00e9ger et de respecter.<\/p>\n<p>Il s\u2019agit en premier, de bannir toute forme de discrimination. il ne faut laisser personne de c\u00f4t\u00e9, particuli\u00e8rement les groupes vuln\u00e9rables de la population, les personnes \u00e2g\u00e9es sans soutien, les pauvres, les ch\u00f4meurs, les sans domicile fixe, les personnes marginalis\u00e9es, celles et ceux qui n\u2019ont pas de moyens.<\/p>\n<p>En second lieu, le droit \u00e0 la sant\u00e9 doit \u00eatre effectif et concern\u00e9 toutes les franges de la population. Nous devons nous atteler d\u00e9s aujourd\u2019hui, repenser nos comportements et nos agissements. Ce grand projet soci\u00e9tal (couverture m\u00e9dicale universelle), voulu et d\u00e9fendu par sa Majest\u00e9 le Roi Mohamed VI, c\u2019est celui de toute la nation marocaine. De ce fait, des efforts sont indispensables pour garantir l\u2019acc\u00e8s aux soins pour toutes et tous.<\/p>\n<p><strong>Qu\u2019est-ce que la couverture m\u00e9dicale universelle?<\/strong><\/p>\n<p>La d\u00e9finition la plus consensuelle de la couverture m\u00e9dicale universelle a \u00e9t\u00e9 donn\u00e9e par l\u2019Organisation mondiale de la sant\u00e9 (OMS). Il s\u2019agit de faire en sorte que tous les individus aient acc\u00e8s \u00e0 des services de sant\u00e9 essentiels sans se heurter \u00e0 des difficult\u00e9s financi\u00e8res. C\u2019est-\u00e0-dire, d\u2019\u00e9viter que les familles, confront\u00e9es \u00e0 la maladie de l\u2019un de leurs membres, ne soient oblig\u00e9es d\u2019engloutir leurs \u00e9conomies ou d\u2019emprunter de l\u2019argent, au risque de sombrer dans la pauvret\u00e9, comme c\u2019est encore trop souvent le cas. La couverture universelle est un enjeu moral lorsqu\u2019on constate combien les in\u00e9galit\u00e9s se sont accrues ces trente derni\u00e8res ann\u00e9es et plus particuli\u00e8rement pendant la pand\u00e9mie de la Covid-19 o\u00f9 plusieurs citoyens ont d\u00fb s\u2019endetter pour faire hospitaliser un des leurs au sein de certaines cliniques pr\u00e9occuper par l\u2019app\u00e2t du gain, et qui exigeaient plusieurs millions de centimes avant de prendre en charge les malades.<\/p>\n<p>La contribution directe des m\u00e9nages constitue 45,6% du total des d\u00e9penses totales de sant\u00e9. C\u2019est trop et beaucoup de foyers s\u2019appauvrissent \u00e0 cause des d\u00e9penses de sant\u00e9 exorbitantes.<\/p>\n<p>Pour pallier \u00e0 ces anomalies insupportables pour nombre de nos concitoyens, Sa Majest\u00e9 le Roi Mohamed VI, que Dieu l\u2019Assiste, a fait du chantier de la g\u00e9n\u00e9ralisation de la couverture m\u00e9dicale l\u2019une des grandes priorit\u00e9s pour renforcer la protection financi\u00e8re de la population et r\u00e9duire davantage les paiements directs des m\u00e9nages.<\/p>\n<p>Aujourd\u2019hui, le droit \u00e0 la sant\u00e9 pour tous est un droit inscrit dans la constitution Marocaine.<\/p>\n<p><strong>Un droit constitutionnel<\/strong><\/p>\n<p>L\u2019article 31 de la nouvelle constitution est \u00e0 ce propos on ne peut plus clair,\u00a0 puisqu\u2019il sp\u00e9cifie que l\u2019Etat, les \u00e9tablissements publics, et les collectivit\u00e9s territoriales \u0153uvrent \u00e0 la mobilisation de tous les moyens \u00e0 disposition pour faciliter l\u2019\u00e9gal acc\u00e8s des citoyennes et citoyens aux conditions leur permettant de jouir des droits : aux soins, \u00e0 la protection sociale, \u00e0 la couverture m\u00e9dicale \u2026<\/p>\n<p>Aborder le droit \u00e0 la sant\u00e9 peut sembler quelque peu illusoire, une sorte de r\u00eave, une id\u00e9e s\u00e9duisante. Surtout quand il est question de droit \u00e0 la m\u00eame sant\u00e9 pour tous.<\/p>\n<p>On comprend des lors mieux toute l\u2019importance que rev\u00eat la couverture m\u00e9dicale universelle, un projet qui va permettre \u00e0 chaque Marocaine, \u00e0 chaque Marocain de pouvoir \u00eatre dignement et \u00a0correctement soign\u00e9, avec un acc\u00e8s facile, une m\u00e9decine de qualit\u00e9, et un prix raisonnable, qui tient compte des possibilit\u00e9s des uns et des autres. Il s\u2019agit de ne laisser personne de cot\u00e9, car le droit \u00e0 la sant\u00e9 est un enjeu de justice.<\/p>\n<p>A l\u2019\u00e9vidence personne ne peut dire le contraire. Dans les plus grandes d\u00e9mocraties du monde, les prestations de sant\u00e9 mises \u00e0 la disposition de l\u2019ensemble des habitants sont les m\u00eames pour tous, sans distinction aucune, ind\u00e9pendamment des moyens des uns et des autres, du lieu o\u00f9 ils habitent. C\u2019est un haut degr\u00e9 de civilisation que d\u2019investir dans la sant\u00e9 des individus quels que soient leur statut social, leurs moyens ou lieu de r\u00e9sidence. C\u2019est la plus belle le\u00e7on de justice sociale qui puisse exister.<\/p>\n<p><strong>R\u00e9pondre aux attentes l\u00e9gitimes des citoyens<\/strong><\/p>\n<p>L\u2019am\u00e9lioration de la qualit\u00e9 des soins qui est un droit fondamental de la plupart des citoyens marocain a de tout temps \u00e9t\u00e9 au centre des pr\u00e9occupations de la plus haute autorit\u00e9 de notre pays.<\/p>\n<p>Sa majest\u00e9 le roi Mohammed VI est tr\u00e8s sensible \u00e0 cette question et a toujours donn\u00e9 ses hautes instructions pour que la sant\u00e9 des citoyens soit une priorit\u00e9 du gouvernement.<\/p>\n<p>La lettre royale adress\u00e9e aux participants aux travaux de la 2\u00e8me Conf\u00e9rence sur la sant\u00e9 tenue \u00e0 Marrakech, les 1-2- 3 juillet 2013, est un bel exemple de la sollicitude royale sans cesse renouvel\u00e9e pour la sant\u00e9 des citoyens.<\/p>\n<p>\u00ab\u2026Nous mesurons l\u2019ampleur des contraintes li\u00e9es essentiellement \u00e0 la modicit\u00e9 des ressources disponibles, par rapport aux attentes l\u00e9gitimes sans cesse croissantes des citoyennes et des citoyens. Pour autant, Nous sommes persuad\u00e9s que la r\u00e9flexion, aussi vaste que constructive, que nous attendons de votre importante conf\u00e9rence, sera \u00e0 m\u00eame d\u2019aider \u00e0 cr\u00e9er un large consensus autour des d\u00e9fis majeurs et des principales priorit\u00e9s sanitaires \u00e0 d\u00e9finir. Il s\u2019agit \u00e9galement d\u2019apporter des r\u00e9ponses efficientes, notamment aux probl\u00e9matiques se rattachant \u00e0 la mise en \u0153uvre du droit constitutionnel aux soins, \u00e0 l\u2019attention, \u00e0 la couverture m\u00e9dicale et \u00e0 la s\u00e9curit\u00e9 sanitaire. Ainsi qu\u2019\u00e0 l\u2019adoption d\u2019une bonne gouvernance sanitaire et \u00e0 l\u2019am\u00e9lioration de la sant\u00e9 psychique et mentale et la sant\u00e9 des personnes \u00e0 besoins sp\u00e9cifiques et des personnes \u00e2g\u00e9es. Il est question \u00e9galement d\u2019explorer les moyens idoines pour assurer les financements n\u00e9cessaires, aux niveaux national et international, de d\u00e9velopper le r\u00e9gime de mutuelle et de r\u00e9duire les disparit\u00e9s entre les r\u00e9gions pour garantir l\u2019acc\u00e8s \u00e9quitable aux soins\u2026\u00bb.<\/p>\n<p><strong>R\u00e9duire les disparit\u00e9s entre les r\u00e9gions<\/strong><\/p>\n<p>Dans son discours Sa Majest\u00e9 le Roi Mohamed VI montre le chemin \u00e0 suivre pour permettre une r\u00e9partition \u00e9quitable et harmonieuse des moyens humains et mat\u00e9riels. Il devient urgent de doter les r\u00e9gions o\u00f9 il y a un manque de m\u00e9decins, d\u2019infirmiers, l\u00e0 o\u00f9 le besoin est r\u00e9el afin de mettre en place un syst\u00e8me d\u2019acc\u00e8s aux soins plus juste, plus \u00e9quitable et donc plus humain.<\/p>\n<p>Il y a \u00e0 l\u2019\u00e9vidence un besoin vital en mati\u00e8re de ressources humaines qualifi\u00e9es (m\u00e9decins, gyn\u00e9cologues, cardiologues, n\u00e9phrologues, chirurgiens, anesth\u00e9sistes, radiologues, infirmi\u00e8res, sages-femmes\u2026), mais les moyens existants ne sont pas r\u00e9partis \u00e9quitablement afin de rem\u00e9dier \u00e0 toutes les disparit\u00e9s existantes. Il devient urgent de proc\u00e9der \u00e0 un red\u00e9ploiement et \u00e0 une r\u00e9partition plus juste, plus harmonieuse des professionnels de sant\u00e9 sur l\u2019ensemble du territoire national.<\/p>\n<p>En guise de conclusion, on ne peut que saluer tous les efforts qui sont aujourd\u2019hui entrepris \u00e0 tous les niveaux pour asseoir sur des bases solides et p\u00e9rennes, l\u2019assurance maladie universelle.<\/p>\n<p>Sous la conduite \u00e9clair\u00e9e de sa Majest\u00e9 le Roi Mohamed VI, pour qui le droit \u00e0 la sant\u00e9 de tous les citoyens sans distinction aucune, est un fondement essentiel de la dignit\u00e9 humaine au m\u00eame titre que l\u2019\u00e9ducation, l\u2019habitat et l\u2019environnement , le Maroc entend mener \u00e0 bien toutes les \u00e9tapes vers la concr\u00e9tisation et la mise en place de la couverture maladie universelle.<\/p>\n<p>C\u2019est un d\u00e9fi \u00e0 relever, nous avons les moyens.<\/p>\n<p>L\u2019article <a rel=\"nofollow\" href=\"http:\/\/albayane.press.ma\/plaidoyer-pour-un-systeme-de-sante-equitable.html\">Plaidoyer pour un syst\u00e8me de sant\u00e9 \u00e9quitable<\/a> est apparu en premier sur <a rel=\"nofollow\" href=\"http:\/\/albayane.press.ma\/\">ALBAYANE<\/a>.<\/p>\n<\/div>\n<p>Auteur: M&rsquo;hammed rahal<br \/>\n<a href=\"http:\/\/albayane.press.ma\/plaidoyer-pour-un-systeme-de-sante-equitable.html\">Cliquez ici pour lire l&rsquo;article depuis sa source.<\/a><\/p>\n","protected":false},"excerpt":{"rendered":"<p>Droit pour tous \u00e0 la sant\u00e9 Ouardirhi Abdelaziz Le droit \u00e0 la sant\u00e9 suppose que les pouvoirs publics cr\u00e9ent des conditions de telle sorte que chacun puisse jouir du meilleur \u00e9tat de sant\u00e9 possible, sans se pr\u00e9occuper des moyens dont il dispose pour \u00eatre correctement et dignement soign\u00e9. C\u2019est ce que le Maroc est en [&hellip;]<\/p>\n","protected":false},"author":1760,"featured_media":0,"comment_status":"closed","ping_status":"closed","sticky":false,"template":"","format":"standard","meta":{"fifu_image_url":"","fifu_image_alt":"","footnotes":""},"categories":[73,54],"tags":[],"class_list":["post-119048","post","type-post","status-publish","format-standard","hentry","category-actualite","category-maroc"],"_links":{"self":[{"href":"https:\/\/linitiative.ca\/International\/wp-json\/wp\/v2\/posts\/119048","targetHints":{"allow":["GET"]}}],"collection":[{"href":"https:\/\/linitiative.ca\/International\/wp-json\/wp\/v2\/posts"}],"about":[{"href":"https:\/\/linitiative.ca\/International\/wp-json\/wp\/v2\/types\/post"}],"author":[{"embeddable":true,"href":"https:\/\/linitiative.ca\/International\/wp-json\/wp\/v2\/users\/1760"}],"replies":[{"embeddable":true,"href":"https:\/\/linitiative.ca\/International\/wp-json\/wp\/v2\/comments?post=119048"}],"version-history":[{"count":0,"href":"https:\/\/linitiative.ca\/International\/wp-json\/wp\/v2\/posts\/119048\/revisions"}],"wp:attachment":[{"href":"https:\/\/linitiative.ca\/International\/wp-json\/wp\/v2\/media?parent=119048"}],"wp:term":[{"taxonomy":"category","embeddable":true,"href":"https:\/\/linitiative.ca\/International\/wp-json\/wp\/v2\/categories?post=119048"},{"taxonomy":"post_tag","embeddable":true,"href":"https:\/\/linitiative.ca\/International\/wp-json\/wp\/v2\/tags?post=119048"}],"curies":[{"name":"wp","href":"https:\/\/api.w.org\/{rel}","templated":true}]}}