{"id":119051,"date":"2021-06-20T14:00:00","date_gmt":"2021-06-20T18:00:00","guid":{"rendered":"https:\/\/linitiative.ca\/International\/algerie-le-patronat-met-en-garde-contre-la-gravite-de-la-crise-multidimensionnelle\/"},"modified":"2021-06-20T14:00:00","modified_gmt":"2021-06-20T18:00:00","slug":"algerie-le-patronat-met-en-garde-contre-la-gravite-de-la-crise-multidimensionnelle","status":"publish","type":"post","link":"https:\/\/linitiative.ca\/International\/algerie-le-patronat-met-en-garde-contre-la-gravite-de-la-crise-multidimensionnelle\/","title":{"rendered":"Alg\u00e9rie: Le patronat met en garde contre la \u00abgravit\u00e9\u00bb de la crise multidimensionnelle"},"content":{"rendered":"<div>\n<p class=\"has-vivid-red-color has-text-color\"><strong>La Conf\u00e9d\u00e9ration nationale du patronat alg\u00e9rien (CNPA) a mis en garde contre la \u00abgravit\u00e9\u00bb de la crise \u00abmultidimensionnelle\u00bb que traverse l\u2019Alg\u00e9rie.<\/strong><\/p>\n<p>Dans un communiqu\u00e9, la CNPA a estim\u00e9 qu\u2019il ne faut pas laisser planer longtemps \u00able flou\u00bb sur les questions \u00e9conomiques, soulignant que les pouvoirs publics doivent montrer, \u00e0 travers des actions concr\u00e8tes, que le plan de relance \u00e9conomique engag\u00e9 par le gouvernement n\u2019est pas un \u00absimple effet d\u2019annonce\u00bb.<\/p>\n<p>Elle a jug\u00e9 qu\u2019il y a urgence \u00e0 \u00abagir\u00bb, \u00e0 dissiper la \u00abconfusion\u00bb, \u00e0 \u00abclarifier les enjeux\u00bb pour l\u2019\u00e9conomie alg\u00e9rienne et \u00e0 proposer des pistes de r\u00e9flexion pour pouvoir la \u00absortir\u00bb de la crise.<\/p>\n<p>L\u2019organisme patronal a soulign\u00e9 que l\u2019Alg\u00e9rie a besoin aujourd\u2019hui d\u2019une \u00abred\u00e9finition de son projet politique, \u00e9conomique et social\u00bb.<\/p>\n<p>\u00abCela revient, ajoute-t-elle, \u00e0 se d\u00e9barrasser des carcans politiques et autres \u00e0 priori h\u00e9rit\u00e9s du pass\u00e9, pour pouvoir d\u00e9terminer ce que l\u2019on souhaite faire de l\u2019Alg\u00e9rie de demain et quelles mesures de \u2018r\u00e9forme\u2019 \u00e9conomique sont n\u00e9cessaires pour le pays\u00bb, a ajout\u00e9 la m\u00eame source.<\/p>\n<p>Pour l\u2019organisation, l\u2019Etat est appel\u00e9 \u00e0 r\u00e9soudre une kyrielle de probl\u00e8mes \u00abbureaucratiques\u00bb qui sapent le moral des investisseurs les emp\u00eachant d\u2019aller de l\u2019avant.<\/p>\n<p>\u00abLa liste des difficult\u00e9s et des blocages est longue\u00bb, a-t-elle insist\u00e9, notant que malgr\u00e9 les promesses des autorit\u00e9s alg\u00e9riennes, \u00ables choses \u00e9voluent lentement\u00bb.<\/p>\n<p>Elle a d\u00e9plor\u00e9 le fait que le \u00abplan de relance \u00e9conomique\u00bb dont on a beaucoup parl\u00e9 en est encore au stade de \u00abprojet\u00bb, ajoutant que les pouvoirs publics doivent montrer, \u00e0 travers des actions concr\u00e8tes, que ce plan n\u2019est pas un \u00absimple effet d\u2019annonce\u00bb.<\/p>\n<p>La CNPA esp\u00e8re qu\u2019un \u00absursaut\u00bb se produira, soulignant qu\u2019il il est vrai que l\u2019\u00e9conomie nationale pr\u00e9sente des vuln\u00e9rabilit\u00e9s, mais le pays dispose \u00e9galement de potentialit\u00e9s r\u00e9elles, connues et reconnues, qui m\u00e9ritent d\u2019\u00eatre exploit\u00e9es dans un nouvel \u00e9cosyst\u00e8me rationnel, performant au service du bien commun.<\/p>\n<p>Elle a ajout\u00e9 qu\u2019il faut aborder les probl\u00e8mes dans une perspective globale, en impulsant une nouvelle dynamique au pays, en facilitant l\u2019acc\u00e8s au financement pour les investissements et la production, en d\u00e9veloppant l\u2019\u00e9ducation, la formation et les entreprises, en accordant de l\u2019importance \u00e0 l\u2019\u00e9conomie de la connaissance et du savoir, en favorisant l\u2019\u00e9mergence de nouvelles \u00e9lites et comp\u00e9tences.<\/p>\n<p>Elle a appel\u00e9 au r\u00e9tablissement d\u2019une justice sociale et fiscale, en r\u00e9visant la gestion des march\u00e9s publics, et, enfin, en r\u00e9organisant de mani\u00e8re appropri\u00e9e la r\u00e9gulation de notre \u00e9conomie.<\/p>\n<p>L\u2019article <a rel=\"nofollow\" href=\"http:\/\/albayane.press.ma\/algerie-le-patronat-met-en-garde-contre-la-gravite-de-la-crise-multidimensionnelle.html\">Alg\u00e9rie: Le patronat met en garde contre la \u00abgravit\u00e9\u00bb de la crise multidimensionnelle<\/a> est apparu en premier sur <a rel=\"nofollow\" href=\"http:\/\/albayane.press.ma\/\">ALBAYANE<\/a>.<\/p>\n<\/div>\n<p>Auteur: M&rsquo;hammed rahal<br \/>\n<a href=\"http:\/\/albayane.press.ma\/algerie-le-patronat-met-en-garde-contre-la-gravite-de-la-crise-multidimensionnelle.html\">Cliquez ici pour lire l&rsquo;article depuis sa source.<\/a><\/p>\n","protected":false},"excerpt":{"rendered":"<p>La Conf\u00e9d\u00e9ration nationale du patronat alg\u00e9rien (CNPA) a mis en garde contre la \u00abgravit\u00e9\u00bb de la crise \u00abmultidimensionnelle\u00bb que traverse l\u2019Alg\u00e9rie. Dans un communiqu\u00e9, la CNPA a estim\u00e9 qu\u2019il ne faut pas laisser planer longtemps \u00able flou\u00bb sur les questions \u00e9conomiques, soulignant que les pouvoirs publics doivent montrer, \u00e0 travers des actions concr\u00e8tes, que le [&hellip;]<\/p>\n","protected":false},"author":1760,"featured_media":0,"comment_status":"closed","ping_status":"closed","sticky":false,"template":"","format":"standard","meta":{"fifu_image_url":"","fifu_image_alt":"","footnotes":""},"categories":[73,54],"tags":[],"class_list":["post-119051","post","type-post","status-publish","format-standard","hentry","category-actualite","category-maroc"],"_links":{"self":[{"href":"https:\/\/linitiative.ca\/International\/wp-json\/wp\/v2\/posts\/119051","targetHints":{"allow":["GET"]}}],"collection":[{"href":"https:\/\/linitiative.ca\/International\/wp-json\/wp\/v2\/posts"}],"about":[{"href":"https:\/\/linitiative.ca\/International\/wp-json\/wp\/v2\/types\/post"}],"author":[{"embeddable":true,"href":"https:\/\/linitiative.ca\/International\/wp-json\/wp\/v2\/users\/1760"}],"replies":[{"embeddable":true,"href":"https:\/\/linitiative.ca\/International\/wp-json\/wp\/v2\/comments?post=119051"}],"version-history":[{"count":0,"href":"https:\/\/linitiative.ca\/International\/wp-json\/wp\/v2\/posts\/119051\/revisions"}],"wp:attachment":[{"href":"https:\/\/linitiative.ca\/International\/wp-json\/wp\/v2\/media?parent=119051"}],"wp:term":[{"taxonomy":"category","embeddable":true,"href":"https:\/\/linitiative.ca\/International\/wp-json\/wp\/v2\/categories?post=119051"},{"taxonomy":"post_tag","embeddable":true,"href":"https:\/\/linitiative.ca\/International\/wp-json\/wp\/v2\/tags?post=119051"}],"curies":[{"name":"wp","href":"https:\/\/api.w.org\/{rel}","templated":true}]}}