{"id":119052,"date":"2021-06-21T03:37:24","date_gmt":"2021-06-21T07:37:24","guid":{"rendered":"https:\/\/linitiative.ca\/International\/coronavirus-la-tunisie-le-pays-plus-touche-parmi-ses-voisins-de-la-mediterranee\/"},"modified":"2021-06-21T03:37:24","modified_gmt":"2021-06-21T07:37:24","slug":"coronavirus-la-tunisie-le-pays-plus-touche-parmi-ses-voisins-de-la-mediterranee","status":"publish","type":"post","link":"https:\/\/linitiative.ca\/International\/coronavirus-la-tunisie-le-pays-plus-touche-parmi-ses-voisins-de-la-mediterranee\/","title":{"rendered":"Coronavirus : la Tunisie le pays plus touch\u00e9 parmi ses voisins de la M\u00e9diterran\u00e9e"},"content":{"rendered":"<div>\n<p>Au<strong>\u00a0dimanche 20 juin 2021<\/strong>, le\u00a0<strong>virus<\/strong>\u00a0<strong>covid-19<\/strong>\u00a0touche\u00a0<strong>177.466.467 (+26.839) cas confirm\u00e9s<\/strong>\u00a0et a fait au total\u00a0<strong>3.862.447 (+916) morts\u00a0<\/strong>dans le\u00a0<strong>monde<\/strong>. Nous utilisons d\u00e9sormais les donn\u00e9es open data fournies par Google.<\/p>\n<p class=\"rtejustify\">En\u00a0<strong>Tunisie<\/strong>, le minist\u00e8re de la Sant\u00e9 a annonc\u00e9 dimanche 20 juin 2021, dans un communiqu\u00e9 qu\u2019en date du 19 juin 2021,<strong>1.775 nouveaux cas de Coronaviru<\/strong>s ont \u00e9t\u00e9 enregistr\u00e9s en Tunisie sur 6.037 tests de d\u00e9pistage r\u00e9alis\u00e9s<\/p>\n<p class=\"rtejustify\">Le pourcentage de tests positifs s\u2019\u00e9tablit \u00e0 29.40 %.<\/p>\n<p class=\"rtejustify\">Le nombre de cas cumul\u00e9s depuis le d\u00e9but de la pand\u00e9mie a, lui, atteint les 382.950.<\/p>\n<p class=\"rtejustify\">Selon le minist\u00e8re de la Sant\u00e9,\u00a0<strong>78 d\u00e9c\u00e8<\/strong>s ont \u00e9t\u00e9 notifi\u00e9s le 19 juin portant le nombre des victimes du Covid-19 en Tunisie \u00e0\u00a0<strong>14.038<\/strong>.<\/p>\n<p class=\"rtejustify\">Au\u00a0<strong>Maroc<\/strong>, on d\u00e9nombre\u00a0<strong>468 nouveaux cas de contaminations<\/strong>\u00a0en 24h et<strong>\u00a0525.443 cas<\/strong>\u00a0au total. Le Maroc d\u00e9plore actuellement<strong>\u00a09.225 d\u00e9c\u00e8s, +4<\/strong>\u00a0en 24h.\u00a0Au Maroc\u00a0<strong>17.494.081\u00a0doses de vaccin ont \u00e9t\u00e9 administr\u00e9es.<\/strong>. Le pays prolonge \u00e0 nouveau l\u2019\u00e9tat d\u2019urgence sanitaire jusqu\u2019au 10 mai 2021.<\/p>\n<p class=\"rtejustify\">\u00a0L\u2019<strong>Alg\u00e9rie\u00a0<\/strong>compte<strong>\u00a0134.840 cas au total<\/strong>\u00a0dont<strong>\u00a0+382\u00a0<\/strong>ces derni\u00e8res 24h et recense<strong>\u00a03.605 (+7)<\/strong>\u00a0d\u00e9c\u00e8s depuis le d\u00e9but de la pand\u00e9mie.<\/p>\n<p class=\"rtejustify\">En France, le dernier bilan,\u00a0fourni par les autorit\u00e9s sanitaires concernant la pand\u00e9mie de\u00a0<strong>covid-19<\/strong>\u00a0fait \u00e9tat d\u2019au moins\u00a0<strong>5.757.311 cas\u00a0<\/strong>de contaminations au total<strong>\u00a0dont au moins\u00a0+1.815\u00a0ces derni\u00e8res 24h<\/strong>. On recense ce<strong>\u00a0dimanche 20 juin 2021<\/strong>,\u00a0<strong>+14 morts en 24h soit 110.738 au total<\/strong>. Le nombre total de d\u00e9c\u00e8s en EHPAD et EMS fait \u00e9tat de\u00a0<strong>26.456 (0) d\u00e9c\u00e8s au total.<\/strong>\u00a0Le nombre total de d\u00e9c\u00e8s en milieu hospitalier est lui de\u00a0<strong>84.282 (+14 en 24h).\u00a0<a href=\"https:\/\/www.sortiraparis.com\/actualites\/a-paris\/articles\/239732-vaccination-en-france-ou-en-est-on-le-jeudi-4-mars-nombre-de-vaccines-par-region\">18.189.852 personnes sont totalement vaccin\u00e9es<\/a>\u00a0contre la covid-19 en France.\u00a0<\/strong><\/p>\n<p class=\"rtejustify\">L\u2019<strong>Espagne<\/strong>\u00a0recense aux derni\u00e8res remont\u00e9es,<strong>\u00a03.753.236 (+10) cas<\/strong>\u00a0au total. Le pays d\u00e9nombre, le<strong>\u00a0jeudi 17 juin 2021<\/strong>,<strong>\u00a080.634 morts au total\u00a0<\/strong>soit<strong>\u00a00 depuis le dernier bilan<\/strong>.\u00a0<strong>35.412.140 doses de vaccin ont \u00e9t\u00e9 administr\u00e9es.\u00a0<\/strong><\/p>\n<p><strong>espacemanager<\/strong><\/p>\n<\/div>\n<p>Auteur: L&rsquo;expert<br \/>\n<a href=\"http:\/\/lexpertjournal.net\/fr\/?p=20430\">Cliquez ici pour lire l&rsquo;article depuis sa source.<\/a><\/p>\n","protected":false},"excerpt":{"rendered":"<p>Au\u00a0dimanche 20 juin 2021, le\u00a0virus\u00a0covid-19\u00a0touche\u00a0177.466.467 (+26.839) cas confirm\u00e9s\u00a0et a fait au total\u00a03.862.447 (+916) morts\u00a0dans le\u00a0monde. Nous utilisons d\u00e9sormais les donn\u00e9es open data fournies par Google. En\u00a0Tunisie, le minist\u00e8re de la Sant\u00e9 a annonc\u00e9 dimanche 20 juin 2021, dans un communiqu\u00e9 qu\u2019en date du 19 juin 2021,1.775 nouveaux cas de Coronavirus ont \u00e9t\u00e9 enregistr\u00e9s en Tunisie [&hellip;]<\/p>\n","protected":false},"author":1775,"featured_media":0,"comment_status":"closed","ping_status":"closed","sticky":false,"template":"","format":"standard","meta":{"fifu_image_url":"","fifu_image_alt":"","footnotes":""},"categories":[78,55],"tags":[],"class_list":["post-119052","post","type-post","status-publish","format-standard","hentry","category-economie","category-tunisie"],"_links":{"self":[{"href":"https:\/\/linitiative.ca\/International\/wp-json\/wp\/v2\/posts\/119052","targetHints":{"allow":["GET"]}}],"collection":[{"href":"https:\/\/linitiative.ca\/International\/wp-json\/wp\/v2\/posts"}],"about":[{"href":"https:\/\/linitiative.ca\/International\/wp-json\/wp\/v2\/types\/post"}],"author":[{"embeddable":true,"href":"https:\/\/linitiative.ca\/International\/wp-json\/wp\/v2\/users\/1775"}],"replies":[{"embeddable":true,"href":"https:\/\/linitiative.ca\/International\/wp-json\/wp\/v2\/comments?post=119052"}],"version-history":[{"count":0,"href":"https:\/\/linitiative.ca\/International\/wp-json\/wp\/v2\/posts\/119052\/revisions"}],"wp:attachment":[{"href":"https:\/\/linitiative.ca\/International\/wp-json\/wp\/v2\/media?parent=119052"}],"wp:term":[{"taxonomy":"category","embeddable":true,"href":"https:\/\/linitiative.ca\/International\/wp-json\/wp\/v2\/categories?post=119052"},{"taxonomy":"post_tag","embeddable":true,"href":"https:\/\/linitiative.ca\/International\/wp-json\/wp\/v2\/tags?post=119052"}],"curies":[{"name":"wp","href":"https:\/\/api.w.org\/{rel}","templated":true}]}}