{"id":119054,"date":"2021-06-21T08:41:13","date_gmt":"2021-06-21T12:41:13","guid":{"rendered":"https:\/\/linitiative.ca\/International\/abdellatif-mekki-appelle-a-la-multiplication-des-hopitaux-de-campagne\/"},"modified":"2021-06-21T08:41:13","modified_gmt":"2021-06-21T12:41:13","slug":"abdellatif-mekki-appelle-a-la-multiplication-des-hopitaux-de-campagne","status":"publish","type":"post","link":"https:\/\/linitiative.ca\/International\/abdellatif-mekki-appelle-a-la-multiplication-des-hopitaux-de-campagne\/","title":{"rendered":"Abdellatif Mekki appelle \u00e0 la multiplication des h\u00f4pitaux de campagne"},"content":{"rendered":"<div>\n<p>Dans une d\u00e9claration ce lundi 21 juin 2021 \u00e0 Mosa\u00efque FM, l\u2019ancien ministre de la Sant\u00e9, Abdellatif Mekki, a appel\u00e9 \u00e0 lancer des campagnes de sensibilisation pour exhorter les citoyens \u00e0 respecter le protocole sanitaire et les gestes barri\u00e8res dans tous les espaces publics.<\/p>\n<p>Selon lui, la loi doit \u00eatre rigoureusement appliqu\u00e9e \u00e0 toute personne ne respectant pas les consignes de pr\u00e9vention et de confinement g\u00e9n\u00e9ral.<\/p>\n<p>Pour Abdellatif Mekki, un fort taux de vaccination pourrait ma\u00eetriser la prolif\u00e9ration du virus, pour cela il urge de mobiliser tous les moyens pour l\u2019acquisition du vaccin anti-covid et la vaccination de la majorit\u00e9 des Tunisiens d\u2019ici fin juillet ou d\u00e9but ao\u00fbt.<\/p>\n<p>Aussi, les h\u00f4pitaux de campagne doivent \u00eatre multipli\u00e9s, sans compter la r\u00e9quisition des cadres m\u00e9dicaux et param\u00e9dicaux pour appuyer les efforts de lutte.<\/p>\n<p><strong>espacemanager<\/strong><\/p>\n<\/div>\n<p>Auteur: L&rsquo;expert<br \/>\n<a href=\"http:\/\/lexpertjournal.net\/fr\/?p=20439\">Cliquez ici pour lire l&rsquo;article depuis sa source.<\/a><\/p>\n","protected":false},"excerpt":{"rendered":"<p>Dans une d\u00e9claration ce lundi 21 juin 2021 \u00e0 Mosa\u00efque FM, l\u2019ancien ministre de la Sant\u00e9, Abdellatif Mekki, a appel\u00e9 \u00e0 lancer des campagnes de sensibilisation pour exhorter les citoyens \u00e0 respecter le protocole sanitaire et les gestes barri\u00e8res dans tous les espaces publics. Selon lui, la loi doit \u00eatre rigoureusement appliqu\u00e9e \u00e0 toute personne [&hellip;]<\/p>\n","protected":false},"author":1775,"featured_media":0,"comment_status":"closed","ping_status":"closed","sticky":false,"template":"","format":"standard","meta":{"fifu_image_url":"","fifu_image_alt":"","footnotes":""},"categories":[78,55],"tags":[],"class_list":["post-119054","post","type-post","status-publish","format-standard","hentry","category-economie","category-tunisie"],"_links":{"self":[{"href":"https:\/\/linitiative.ca\/International\/wp-json\/wp\/v2\/posts\/119054","targetHints":{"allow":["GET"]}}],"collection":[{"href":"https:\/\/linitiative.ca\/International\/wp-json\/wp\/v2\/posts"}],"about":[{"href":"https:\/\/linitiative.ca\/International\/wp-json\/wp\/v2\/types\/post"}],"author":[{"embeddable":true,"href":"https:\/\/linitiative.ca\/International\/wp-json\/wp\/v2\/users\/1775"}],"replies":[{"embeddable":true,"href":"https:\/\/linitiative.ca\/International\/wp-json\/wp\/v2\/comments?post=119054"}],"version-history":[{"count":0,"href":"https:\/\/linitiative.ca\/International\/wp-json\/wp\/v2\/posts\/119054\/revisions"}],"wp:attachment":[{"href":"https:\/\/linitiative.ca\/International\/wp-json\/wp\/v2\/media?parent=119054"}],"wp:term":[{"taxonomy":"category","embeddable":true,"href":"https:\/\/linitiative.ca\/International\/wp-json\/wp\/v2\/categories?post=119054"},{"taxonomy":"post_tag","embeddable":true,"href":"https:\/\/linitiative.ca\/International\/wp-json\/wp\/v2\/tags?post=119054"}],"curies":[{"name":"wp","href":"https:\/\/api.w.org\/{rel}","templated":true}]}}