{"id":119056,"date":"2021-06-21T10:12:31","date_gmt":"2021-06-21T14:12:31","guid":{"rendered":"https:\/\/linitiative.ca\/International\/noureddine-taboubi-les-responsables-sont-debordes-par-leurs-querelles-et-la-vie-des-citoyens-est-le-cadet-de-leurs-soucis\/"},"modified":"2021-06-21T10:12:31","modified_gmt":"2021-06-21T14:12:31","slug":"noureddine-taboubi-les-responsables-sont-debordes-par-leurs-querelles-et-la-vie-des-citoyens-est-le-cadet-de-leurs-soucis","status":"publish","type":"post","link":"https:\/\/linitiative.ca\/International\/noureddine-taboubi-les-responsables-sont-debordes-par-leurs-querelles-et-la-vie-des-citoyens-est-le-cadet-de-leurs-soucis\/","title":{"rendered":"NOUREDDINE TABOUBI : LES RESPONSABLES SONT D\u00c9BORD\u00c9S PAR LEURS QUERELLES ET LA VIE DES CITOYENS EST LE CADET DE LEURS SOUCIS"},"content":{"rendered":"<div>\n<p>Lors de sa pr\u00e9sence dans la r\u00e9union du conseil sectoriel du comit\u00e9 administratif de la F\u00e9d\u00e9ration g\u00e9n\u00e9rale des banques, des institutions financi\u00e8res et des compagnies d\u2019assurance, tenue aujourd\u2019hui lundi\u00a0 21 juin 2021,\u00a0 Nouredine Taboubi a exprim\u00e9 son inqui\u00e9tude face aux difficult\u00e9s rencontr\u00e9es par le secteur financier, en notant qu\u2019un accord pr\u00e9alable stipulant le d\u00e9marrage des n\u00e9gociations collectives concernant le secteur des banques et des compagnies d\u2019assurance, a \u00e9t\u00e9 conclu le 30 avril 2021 avec\u00a0l\u2019Association Professionnelle Tunisienne des Banques et des \u00c9tablissements Financiers.<\/p>\n<div class=\"code-block code-block-6\">\n<div id=\"div-gpt-ad-1617620872263-0\" data-google-query-id=\"CM2ujsfyqPECFQ_suwgdljMBgw\">\n<div id=\"google_ads_iframe_\/21745723794\/Vid300x250_0__container__\"><\/div>\n<\/div>\n<\/div>\n<p>Il a soulign\u00e9 lors de cette r\u00e9union que le secteur\u00a0 priv\u00e9 est aussi concern\u00e9 par cet accord, en indiquant que le secteur public est une ligne rouge qui ne doit pas \u00eatre d\u00e9pass\u00e9e du moment o\u00f9 \u201c ceux qui\u00a0 tentent de d\u00e9jouer les efforts de l\u2019UGTT et de porter atteintes aux int\u00e9r\u00eats\u00a0 des salari\u00e9s doivent assumer les cons\u00e9quences de leurs actes\u201d.<\/p>\n<p>Le secr\u00e9taire g\u00e9n\u00e9ral de la centrale syndicale a consid\u00e9r\u00e9 que les autorit\u00e9s sont les premiers responsables des affres et des catastrophes dont souffre le pays. \u00ab\u00a0Ces responsables prennent \u00e0 la l\u00e9g\u00e8re la notion de l\u2019Etat et ne cesse de nous ridiculiser devant tout le monde\u00a0\u00bb, a-t-il dit.<\/p>\n<p>D\u2019apr\u00e8s lui, la Tunisie est d\u00e9sormais devenue un \u201cEtat orphelin\u201d en ajoutant qu\u2019il y existe encore des hommes et des femmes qui croient, fort heureusement, \u00e0 l\u2019Etat de l\u2019ind\u00e9pendance.<\/p>\n<p>Dans le m\u00eame contexte, il a avanc\u00e9 que l\u2019UGTT n\u2019est pas uniquement une organisation professionnelle, elle est tout d\u2019abord une organisation nationale d\u00e9mocratique qui intervient dans la mise en place des strat\u00e9gies de relance des entreprises et de l\u2019\u00e9conomie nationale, en notant que les gr\u00e8ves ne constituent qu\u2019un moyen de pression pour r\u00e9clamer des droits l\u00e9gitimes.<\/p>\n<p>Il\u00a0 a regrett\u00e9 l\u2019\u00e9tat des lieux du pays qui a pris \u00ab\u00a0un virage tr\u00e8s dangereux\u00a0\u00bb, alors que les responsables semblent \u201cd\u00e9bord\u00e9s par leurs querelles au lieu de veiller sur la vaccination des gens\u201d, avant de faire savoir que l\u2019UGTT est encore ouverte sur le dialogue avec le pr\u00e9sident de la R\u00e9publique Kais Saied.<\/p>\n<p>Noureddine Taboubi a signal\u00e9, dans un autre contexte, que la Banque nationale agricole (BNA) a fait don de 355 mille dinars \u00e0 la centrale syndicale en s\u2019interrogeant \u00e0 cet \u00e9gard, sur le sort\u00a0 inconnu des dons faits par l\u2019UGTT \u00e0 l\u2019Etat<\/p>\n<p><strong>\u00a0 \u00a0Source; radioexpressfm<\/strong><\/p>\n<p>\u00a0<\/p>\n<\/div>\n<p>Auteur: L&rsquo;expert<br \/>\n<a href=\"http:\/\/lexpertjournal.net\/fr\/?p=20446\">Cliquez ici pour lire l&rsquo;article depuis sa source.<\/a><\/p>\n","protected":false},"excerpt":{"rendered":"<p>Lors de sa pr\u00e9sence dans la r\u00e9union du conseil sectoriel du comit\u00e9 administratif de la F\u00e9d\u00e9ration g\u00e9n\u00e9rale des banques, des institutions financi\u00e8res et des compagnies d\u2019assurance, tenue aujourd\u2019hui lundi\u00a0 21 juin 2021,\u00a0 Nouredine Taboubi a exprim\u00e9 son inqui\u00e9tude face aux difficult\u00e9s rencontr\u00e9es par le secteur financier, en notant qu\u2019un accord pr\u00e9alable stipulant le d\u00e9marrage des [&hellip;]<\/p>\n","protected":false},"author":1775,"featured_media":0,"comment_status":"closed","ping_status":"closed","sticky":false,"template":"","format":"standard","meta":{"fifu_image_url":"","fifu_image_alt":"","footnotes":""},"categories":[78,55],"tags":[],"class_list":["post-119056","post","type-post","status-publish","format-standard","hentry","category-economie","category-tunisie"],"_links":{"self":[{"href":"https:\/\/linitiative.ca\/International\/wp-json\/wp\/v2\/posts\/119056","targetHints":{"allow":["GET"]}}],"collection":[{"href":"https:\/\/linitiative.ca\/International\/wp-json\/wp\/v2\/posts"}],"about":[{"href":"https:\/\/linitiative.ca\/International\/wp-json\/wp\/v2\/types\/post"}],"author":[{"embeddable":true,"href":"https:\/\/linitiative.ca\/International\/wp-json\/wp\/v2\/users\/1775"}],"replies":[{"embeddable":true,"href":"https:\/\/linitiative.ca\/International\/wp-json\/wp\/v2\/comments?post=119056"}],"version-history":[{"count":0,"href":"https:\/\/linitiative.ca\/International\/wp-json\/wp\/v2\/posts\/119056\/revisions"}],"wp:attachment":[{"href":"https:\/\/linitiative.ca\/International\/wp-json\/wp\/v2\/media?parent=119056"}],"wp:term":[{"taxonomy":"category","embeddable":true,"href":"https:\/\/linitiative.ca\/International\/wp-json\/wp\/v2\/categories?post=119056"},{"taxonomy":"post_tag","embeddable":true,"href":"https:\/\/linitiative.ca\/International\/wp-json\/wp\/v2\/tags?post=119056"}],"curies":[{"name":"wp","href":"https:\/\/api.w.org\/{rel}","templated":true}]}}