{"id":119064,"date":"2021-06-21T09:49:50","date_gmt":"2021-06-21T13:49:50","guid":{"rendered":"https:\/\/linitiative.ca\/International\/trois-questions-a-la-fondatrice-de-lofs-mme-hind-joudar\/"},"modified":"2021-06-21T09:49:50","modified_gmt":"2021-06-21T13:49:50","slug":"trois-questions-a-la-fondatrice-de-lofs-mme-hind-joudar","status":"publish","type":"post","link":"https:\/\/linitiative.ca\/International\/trois-questions-a-la-fondatrice-de-lofs-mme-hind-joudar\/","title":{"rendered":"Trois questions \u00e0 la fondatrice de l\u2019OFS, Mme Hind Joudar"},"content":{"rendered":"<div>\n<div style=\"margin-bottom:20px;\"><img loading=\"lazy\" decoding=\"async\" width=\"750\" height=\"430\" src=\"https:\/\/linitiative.ca\/International\/wp-content\/uploads\/sites\/23\/2021\/06\/hind-joudar-copier-1-1.jpg\" class=\"attachment-post-thumbnail size-post-thumbnail wp-post-image\" alt=\"\" srcset=\"https:\/\/linitiative.ca\/International\/wp-content\/uploads\/sites\/23\/2021\/06\/hind-joudar-copier-1-1.jpg 750w, http:\/\/www.mapmarrakech.ma\/map\/uploads\/2021\/06\/hind-joudar-copier-1-300x172.jpg 300w\" sizes=\"auto, (max-width: 750px) 100vw, 750px\"><\/div>\n<p><b>1. Dans un monde profond\u00e9ment polaris\u00e9, l\u2019Oriental Fashion Show offre un harmonieux mariage entre tout ce qui est beau \u00e0 l\u2019Orient et \u00e0 l\u2019Occident. Quelle est la vocation de cet \u00e9v\u00e9nement ?<\/b><\/p>\n<p>L\u2019Oriental Fashion Show f\u00eate cette ann\u00e9e ses 15 ans. Je crois que sa vocation n\u2019est pas seulement de faire rencontrer l\u2019Orient et l\u2019Occident \u00e0 travers la mode, mais aussi \u00e0 travers l\u2019histoire, qui se situe au c\u0153ur m\u00eame de la d\u00e9marche de cet \u00e9v\u00e9nement qui s\u2019est internationalis\u00e9 au fil des ann\u00e9es.<\/p>\n<p>Il a toujours \u00e9t\u00e9 question \u00e0 travers ma qu\u00eate aupr\u00e8s des stylistes et des designers de trouver la passerelle historique et artisanale entre le Maroc et les autres pays o\u00f9 l\u2019OFS a \u00e9t\u00e9 organis\u00e9.<\/p>\n<p>L\u2019authenticit\u00e9 et la modernit\u00e9 ont \u00e9t\u00e9 constamment pr\u00e9sentes dans mes diff\u00e9rents d\u00e9fil\u00e9s pour ne pas dire dominantes. Chaque cr\u00e9atrice ou cr\u00e9ateur vient avec sa propre identit\u00e9 et sa propre histoire qui influencent ses cr\u00e9ations. Ces derni\u00e8res sont le r\u00e9sultat de toute une histoire, mais \u00e9galement, le fruit d\u2019une modernit\u00e9 qui apporte une nouvelle touche \u00e0 la cr\u00e9ation ancestrale.<\/p>\n<p>J\u2019esp\u00e8re que l\u2019Oriental Fashion Show a su assurer cette alliance entre l\u2019Orient et l\u2019Occident. Il continuera \u00e9videmment dans le cadre de nos partenariats, sa mission sur laquelle, l\u2019accent a \u00e9t\u00e9 mis \u00e0 chaque fois que nous d\u00e9posons nos valises dans un pays h\u00f4te.<\/p>\n<p><b>2 \u2013 L\u2019ann\u00e9e derni\u00e8re, vous avez organis\u00e9 une \u00ab\u00a0Fashion week digitale\u00a0\u00bb sous forme d\u2019une r\u00e9trospective en raison du contexte sanitaire li\u00e9 \u00e0 la pand\u00e9mie de la Covid-19. Quelles sont les nouveaut\u00e9s de la 37e \u00e9dition apr\u00e8s cette \u00ab\u00a0p\u00e9riode de r\u00e9flexion\u00a0\u00bb ?<\/b><\/p>\n<p>L\u2019ann\u00e9e derni\u00e8re a \u00e9t\u00e9 marqu\u00e9e par notre \u00e9dition digitale de l\u2019Oriental Fashion Show. Un pas que nous avons os\u00e9 et qui a \u00e9t\u00e9 appr\u00e9ci\u00e9 par tous. Une certaine d\u00e9mocratisation de la mode et des d\u00e9fil\u00e9s a \u00e9t\u00e9 r\u00e9alis\u00e9e, puisque nous avons \u00e9t\u00e9 suivis par les internautes des quatre coins du monde.<\/p>\n<p>Cette ann\u00e9e, nous nous sommes attel\u00e9s \u00e0 ce que nous organisions notre 37\u00e8me \u00e9dition \u00e0 Marrakech.<\/p>\n<p>C\u2019est un grand symbole pour moi de revenir au lendemain de l\u2019ouverture des fronti\u00e8res pour c\u00e9l\u00e9brer dans mon pays le retour progressif \u00e0 la vie normale ainsi que la cr\u00e9ativit\u00e9 et la mode \u00e0 Marrakech, surtout apr\u00e8s une p\u00e9riode qui a \u00e9t\u00e9 dure pour nous tous compte tenu des restrictions sanitaires impos\u00e9es.<\/p>\n<p>L\u2019\u00e9dition de cette ann\u00e9e a \u00e9t\u00e9 marqu\u00e9e par un hommage posthume \u00e0 feu Mohamed Al Sagher, grand homme de la coiffure arabe et internationale qui a toujours \u00e9t\u00e9 le partenaire de l\u2019OFS et qui a \u00e9t\u00e9 malheureusement emport\u00e9 par la Covid-19.<\/p>\n<p>Des hommages ont \u00e9t\u00e9 \u00e9galement rendus aux actrices Laila Eloui et Ilham Shahin et le grand styliste \u00e9gyptien Hany Elbehairy.<\/p>\n<p>De grandes stylistes marocaines de la \u00ab\u00a0haute couture\u00a0\u00bb, ainsi que des cr\u00e9atrices du pr\u00eat-\u00e0-porter ont fait des d\u00e9fil\u00e9s au plaisir des amoureux du Fashion Show. De belles cr\u00e9ations ont \u00e9t\u00e9 ainsi au rendez-vous.<\/p>\n<p><b>3 \u2013 Dans un d\u00e9fil\u00e9 haute-couture ayant associ\u00e9 la haute couture orientale et celle occidentale, le caftan marocain a brill\u00e9 de toute sa splendeur. Quelle est la place de cette tenue originale marocaine dans la haute couture mondiale ?<\/b><\/p>\n<p>L\u2019Oriental Fashion Show a vu le jour apr\u00e8s une longue r\u00e9flexion et recherche sur le caftan qui est une grande composante du patrimoine de la grande couture orientale.<\/p>\n<p>Aujourd\u2019hui l\u2019OFS est devenu un \u00ab\u00a0Label\u00a0\u00bb \u00e0 part enti\u00e8re et je confirme que le Caftan, pi\u00e8ce maitresse de cet \u00e9v\u00e9nement et qui jouit de l\u2019amour et de la consid\u00e9ration des stylistes et des designers du monde entier, a pu acqu\u00e9rir ses lettres de noblesse, gr\u00e2ce au travail fabuleux qu\u2019effectuent les artisans en termes de broderie, de finesse, de travail et de choix de tissus. Le Caftan impose le respect.<\/p>\n<p>D\u2019ailleurs, lors de la premi\u00e8re \u00e9dition des Oriental Fashion Awards \u00e0 l\u2019UNESCO, le Caftan a connu bien des louanges ce qui a \u00e9t\u00e9 r\u00e9v\u00e9lateur de la grandeur de ce patrimoine, d\u2019autant plus qu\u2019il s\u2019agit d\u2019un haut lieu de la pr\u00e9servation du patrimoine et de la reconnaissance de la cr\u00e9ativit\u00e9 des artisans \u00e0 travers le monde.<\/p>\n<p>The post <a rel=\"nofollow\" href=\"http:\/\/www.mapmarrakech.ma\/fr\/trois-questions-a-la-fondatrice-de-lofs-mme-hind-joudar\/\">Trois questions \u00e0 la fondatrice de l\u2019OFS, Mme Hind Joudar<\/a> appeared first on <a rel=\"nofollow\" href=\"http:\/\/www.mapmarrakech.ma\/fr\">MapMarrakech<\/a>.<\/p>\n<\/div>\n<p>Auteur: Meriem IGASS<br \/>\n<a href=\"http:\/\/www.mapmarrakech.ma\/fr\/trois-questions-a-la-fondatrice-de-lofs-mme-hind-joudar\/\">Cliquez ici pour lire l&rsquo;article depuis sa source.<\/a><\/p>\n","protected":false},"excerpt":{"rendered":"<p>1. Dans un monde profond\u00e9ment polaris\u00e9, l\u2019Oriental Fashion Show offre un harmonieux mariage entre tout ce qui est beau \u00e0 l\u2019Orient et \u00e0 l\u2019Occident. Quelle est la vocation de cet \u00e9v\u00e9nement ? L\u2019Oriental Fashion Show f\u00eate cette ann\u00e9e ses 15 ans. Je crois que sa vocation n\u2019est pas seulement de faire rencontrer l\u2019Orient et l\u2019Occident [&hellip;]<\/p>\n","protected":false},"author":1788,"featured_media":0,"comment_status":"closed","ping_status":"closed","sticky":false,"template":"","format":"standard","meta":{"fifu_image_url":"http:\/\/www.mapmarrakech.ma\/map\/uploads\/2021\/06\/hind-joudar-copier-1.jpg","fifu_image_alt":"Trois questions \u00e0 la fondatrice de l\u2019OFS, Mme Hind Joudar","footnotes":""},"categories":[54,76],"tags":[],"class_list":["post-119064","post","type-post","status-publish","format-standard","hentry","category-maroc","category-regions"],"_links":{"self":[{"href":"https:\/\/linitiative.ca\/International\/wp-json\/wp\/v2\/posts\/119064","targetHints":{"allow":["GET"]}}],"collection":[{"href":"https:\/\/linitiative.ca\/International\/wp-json\/wp\/v2\/posts"}],"about":[{"href":"https:\/\/linitiative.ca\/International\/wp-json\/wp\/v2\/types\/post"}],"author":[{"embeddable":true,"href":"https:\/\/linitiative.ca\/International\/wp-json\/wp\/v2\/users\/1788"}],"replies":[{"embeddable":true,"href":"https:\/\/linitiative.ca\/International\/wp-json\/wp\/v2\/comments?post=119064"}],"version-history":[{"count":0,"href":"https:\/\/linitiative.ca\/International\/wp-json\/wp\/v2\/posts\/119064\/revisions"}],"wp:attachment":[{"href":"https:\/\/linitiative.ca\/International\/wp-json\/wp\/v2\/media?parent=119064"}],"wp:term":[{"taxonomy":"category","embeddable":true,"href":"https:\/\/linitiative.ca\/International\/wp-json\/wp\/v2\/categories?post=119064"},{"taxonomy":"post_tag","embeddable":true,"href":"https:\/\/linitiative.ca\/International\/wp-json\/wp\/v2\/tags?post=119064"}],"curies":[{"name":"wp","href":"https:\/\/api.w.org\/{rel}","templated":true}]}}