{"id":119070,"date":"2021-06-21T13:38:30","date_gmt":"2021-06-21T17:38:30","guid":{"rendered":"https:\/\/linitiative.ca\/International\/vers-un-partenariat-entre-linstitut-national-dhygiene-et-lum6p\/"},"modified":"2021-06-21T13:38:30","modified_gmt":"2021-06-21T17:38:30","slug":"vers-un-partenariat-entre-linstitut-national-dhygiene-et-lum6p","status":"publish","type":"post","link":"https:\/\/linitiative.ca\/International\/vers-un-partenariat-entre-linstitut-national-dhygiene-et-lum6p\/","title":{"rendered":"Vers un partenariat entre l\u2019Institut national d\u2019hygi\u00e8ne et l\u2019UM6P"},"content":{"rendered":"<div>\n<div style=\"margin-bottom:20px;\"><img loading=\"lazy\" decoding=\"async\" width=\"750\" height=\"430\" src=\"https:\/\/linitiative.ca\/International\/wp-content\/uploads\/sites\/23\/2021\/06\/UM6P-benguerir-opier-1.jpg\" class=\"attachment-post-thumbnail size-post-thumbnail wp-post-image\" alt=\"\" srcset=\"https:\/\/linitiative.ca\/International\/wp-content\/uploads\/sites\/23\/2021\/06\/UM6P-benguerir-opier-1.jpg 750w, http:\/\/www.mapmarrakech.ma\/map\/uploads\/2021\/06\/UM6P-benguerir-opier-1-300x172.jpg 300w\" sizes=\"auto, (max-width: 750px) 100vw, 750px\"><\/div>\n<p>Le partenariat va se baser \u00ab\u00a0essentiellement sur les comp\u00e9tences humaines hautement qualifi\u00e9es et sur les plateaux techniques et ressources mat\u00e9rielles de haut niveau dont disposent aussi bien l\u2019UM6P que l\u2019INH en mati\u00e8re de biologie en sant\u00e9 humaine et environnementale\u00a0\u00bb, indique lundi un communiqu\u00e9 du minist\u00e8re de la Sant\u00e9.<\/p>\n<p>Une d\u00e9l\u00e9gation de l\u2019INH, conduite par son directeur, s\u2019est rendue derni\u00e8rement \u00e0 l\u2019Universit\u00e9 Mohammed VI polytechnique (UM6P) pour examiner les voies de coop\u00e9ration entre les deux \u00e9tablissements.<\/p>\n<p>Lors de la visite, les responsables des diff\u00e9rents d\u00e9partements de l\u2019UM6P ont pr\u00e9sent\u00e9 leurs activit\u00e9s et les projets sur lesquels ils travaillent, tandis que le directeur de l\u2019INH a fait un expos\u00e9 sur les missions et les activit\u00e9s de l\u2019institut et propos\u00e9 diff\u00e9rents domaines d\u2019activit\u00e9 et de projets qui pourrait \u00eatre men\u00e9s en partenariat avec l\u2019UM6P.<\/p>\n<p>Les \u00e9changes entre les diff\u00e9rents responsables ont permis de fixer certains axes de recherche susceptibles d\u2019\u00eatre men\u00e9s en partenariat entre les deux institutions.<\/p>\n<p>The post <a rel=\"nofollow\" href=\"http:\/\/www.mapmarrakech.ma\/fr\/vers-un-partenariat-entre-linstitut-national-dhygiene-et-lum6p\/\">Vers un partenariat entre l\u2019Institut national d\u2019hygi\u00e8ne et l\u2019UM6P<\/a> appeared first on <a rel=\"nofollow\" href=\"http:\/\/www.mapmarrakech.ma\/fr\">MapMarrakech<\/a>.<\/p>\n<\/div>\n<p>Auteur: Meriem IGASS<br \/>\n<a href=\"http:\/\/www.mapmarrakech.ma\/fr\/vers-un-partenariat-entre-linstitut-national-dhygiene-et-lum6p\/\">Cliquez ici pour lire l&rsquo;article depuis sa source.<\/a><\/p>\n","protected":false},"excerpt":{"rendered":"<p>Le partenariat va se baser \u00ab\u00a0essentiellement sur les comp\u00e9tences humaines hautement qualifi\u00e9es et sur les plateaux techniques et ressources mat\u00e9rielles de haut niveau dont disposent aussi bien l\u2019UM6P que l\u2019INH en mati\u00e8re de biologie en sant\u00e9 humaine et environnementale\u00a0\u00bb, indique lundi un communiqu\u00e9 du minist\u00e8re de la Sant\u00e9. Une d\u00e9l\u00e9gation de l\u2019INH, conduite par son [&hellip;]<\/p>\n","protected":false},"author":1788,"featured_media":0,"comment_status":"closed","ping_status":"closed","sticky":false,"template":"","format":"standard","meta":{"fifu_image_url":"http:\/\/www.mapmarrakech.ma\/map\/uploads\/2021\/06\/UM6P-benguerir-opier-1.jpg","fifu_image_alt":"Vers un partenariat entre l\u2019Institut national d\u2019hygi\u00e8ne et l\u2019UM6P","footnotes":""},"categories":[54,76],"tags":[],"class_list":["post-119070","post","type-post","status-publish","format-standard","hentry","category-maroc","category-regions"],"_links":{"self":[{"href":"https:\/\/linitiative.ca\/International\/wp-json\/wp\/v2\/posts\/119070","targetHints":{"allow":["GET"]}}],"collection":[{"href":"https:\/\/linitiative.ca\/International\/wp-json\/wp\/v2\/posts"}],"about":[{"href":"https:\/\/linitiative.ca\/International\/wp-json\/wp\/v2\/types\/post"}],"author":[{"embeddable":true,"href":"https:\/\/linitiative.ca\/International\/wp-json\/wp\/v2\/users\/1788"}],"replies":[{"embeddable":true,"href":"https:\/\/linitiative.ca\/International\/wp-json\/wp\/v2\/comments?post=119070"}],"version-history":[{"count":0,"href":"https:\/\/linitiative.ca\/International\/wp-json\/wp\/v2\/posts\/119070\/revisions"}],"wp:attachment":[{"href":"https:\/\/linitiative.ca\/International\/wp-json\/wp\/v2\/media?parent=119070"}],"wp:term":[{"taxonomy":"category","embeddable":true,"href":"https:\/\/linitiative.ca\/International\/wp-json\/wp\/v2\/categories?post=119070"},{"taxonomy":"post_tag","embeddable":true,"href":"https:\/\/linitiative.ca\/International\/wp-json\/wp\/v2\/tags?post=119070"}],"curies":[{"name":"wp","href":"https:\/\/api.w.org\/{rel}","templated":true}]}}