{"id":119074,"date":"2021-06-21T10:50:21","date_gmt":"2021-06-21T14:50:21","guid":{"rendered":"https:\/\/linitiative.ca\/International\/renforcement-de-la-communication-autour-de-lorientation-et-de-laccompagnement-administratif-des-mre\/"},"modified":"2021-06-21T10:50:21","modified_gmt":"2021-06-21T14:50:21","slug":"renforcement-de-la-communication-autour-de-lorientation-et-de-laccompagnement-administratif-des-mre","status":"publish","type":"post","link":"https:\/\/linitiative.ca\/International\/renforcement-de-la-communication-autour-de-lorientation-et-de-laccompagnement-administratif-des-mre\/","title":{"rendered":"Renforcement de la communication autour de l\u2019orientation et de l\u2019accompagnement administratif des MRE"},"content":{"rendered":"<div>\n<div style=\"margin-bottom:20px;\"><img loading=\"lazy\" decoding=\"async\" width=\"750\" height=\"430\" src=\"https:\/\/linitiative.ca\/International\/wp-content\/uploads\/sites\/23\/2021\/06\/LopC3A9ration-Marhaba-2019-M750C397430-MAPARCHIVE.jpg\" class=\"attachment-post-thumbnail size-post-thumbnail wp-post-image\" alt=\"\" srcset=\"https:\/\/linitiative.ca\/International\/wp-content\/uploads\/sites\/23\/2021\/06\/LopC3A9ration-Marhaba-2019-M750C397430-MAPARCHIVE.jpg 750w, http:\/\/www.mapoujda.ma\/map\/uploads\/2021\/06\/Lop\u00e9ration-Marhaba-2019-M750\u00d7430-MAPARCHIVE-300x172.jpg 300w\" sizes=\"auto, (max-width: 750px) 100vw, 750px\"><\/div>\n<div>\n<p style=\"text-align: justify;\">Le minist\u00e8re d\u00e9l\u00e9gu\u00e9 charg\u00e9 des Marocains r\u00e9sidant \u00e0 l\u2019\u00e9tranger (MRE) a annonc\u00e9, lundi, le renforcement de sa communication au niveau central et territorial en vue d\u2019offrir orientation et accompagnement administratif aux Marocains du monde suite au lancement de l\u2019op\u00e9ration \u00ab\u00a0Marhaba 2021\u00a0\u00bb,\u00a0d\u2019autant plus que plusieurs administrations et institutions nationales connaissent une importante affluence de la part des membres de la communaut\u00e9.<\/p>\n<p style=\"text-align: justify;\">Cette op\u00e9ration, qui s\u2019inscrit dans le cadre de l\u2019ex\u00e9cution des Hautes Directives royales visant \u00e0 assurer un accompagnement exceptionnel aux MRE, vise \u00e0 coordonner les efforts avec tous les intervenants aussi bien au niveau central que territorial pour apporter des solutions appropri\u00e9es aux probl\u00e8mes ou difficult\u00e9s que peuvent rencontrer les citoyens r\u00e9sidant \u00e0 l\u2019\u00e9tranger, indique le minist\u00e8re dans un communiqu\u00e9.<\/p>\n<p style=\"text-align: justify;\">A cet effet, le minist\u00e8re d\u00e9l\u00e9gu\u00e9 met \u00e0 disposition des num\u00e9ros t\u00e9l\u00e9phoniques et des e-mails suppl\u00e9mentaires au niveau central afin de recevoir les diff\u00e9rentes questions, demandes et r\u00e9clamations des Marocains r\u00e9sidant \u00e0 l\u2019\u00e9tranger tout au long de la semaine :<\/p>\n<p style=\"text-align: justify;\">\n<p style=\"text-align: justify;\">+212665656993<\/p>\n<p style=\"text-align: justify;\">+212661883406<\/p>\n<p style=\"text-align: justify;\">+212682961938<\/p>\n<p style=\"text-align: justify;\">+212767852305<\/p>\n<p style=\"text-align: justify;\">moroccoproject@mcmre.gov.ma.<\/p>\n<p style=\"text-align: justify;\">Le minist\u00e8re d\u00e9l\u00e9gu\u00e9 a mobilis\u00e9, en parall\u00e8le, ses services d\u00e9centralis\u00e9s. Il s\u2019agit des Maisons des Marocains du monde et des Affaires de la migration\u00a0\u00e0 Beni Mellal, Tiznit, Nador et Khouribga, o\u00f9 le minist\u00e8re a mis \u00e0 disposition des MRE des num\u00e9ros de t\u00e9l\u00e9phone et des adresses \u00e9lectroniques suppl\u00e9mentaires pour r\u00e9pondre \u00e0 leurs questions et recevoir leurs diverses demandes ainsi que leurs plaintes, ajoute le communiqu\u00e9.<\/p>\n<p style=\"text-align: justify;\">\n<p style=\"text-align: justify;\">\u2013 B\u00e9ni Mellal:<\/p>\n<p style=\"text-align: justify;\">+212610093028<\/p>\n<p style=\"text-align: justify;\">+212661315237<\/p>\n<p style=\"text-align: justify;\">+212761512033<\/p>\n<p style=\"text-align: justify;\">\u00a0maisonmre.benimellal@yahoo.fr<\/p>\n<p style=\"text-align: justify;\">\n<p style=\"text-align: justify;\">\u2013 Nador:<\/p>\n<p style=\"text-align: justify;\">+212661823897<\/p>\n<p style=\"text-align: justify;\">+212661855713<\/p>\n<p style=\"text-align: justify;\">\u00a0+212661643935<\/p>\n<p style=\"text-align: justify;\">\u00a0maisonmre@gmail.com<\/p>\n<p style=\"text-align: justify;\">\n<p style=\"text-align: justify;\">\u00a0-Tiznit:<\/p>\n<p style=\"text-align: justify;\">+212662179211<\/p>\n<p style=\"text-align: justify;\">+212528860475<\/p>\n<p style=\"text-align: justify;\">\u00a0maisonmre.tiznit@mcmre.gov.ma<\/p>\n<p style=\"text-align: justify;\">\n<p style=\"text-align: justify;\">-Khouribga<\/p>\n<p style=\"text-align: justify;\">\u00a0+212667746339<\/p>\n<p style=\"text-align: justify;\">\u00a0+212687616427<\/p>\n<p style=\"text-align: justify;\">\u00a0+212641821076<\/p>\n<p style=\"text-align: justify;\">\u00a0maison.khouribga@mcmre.gov.ma<\/p>\n<p style=\"text-align: justify;\">Pour assurer la continuit\u00e9 des services li\u00e9s \u00e0 la r\u00e9ception de plaintes ou de consultations l\u00e9gales, le minist\u00e8re de tutelle avait mis en place, depuis le d\u00e9but de la crise sanitaire, une cellule de veille et d\u2019orientation avec une \u00e9quipe disponible tous les jours de la semaine.<\/p>\n<p style=\"text-align: justify;\">Aussi, des num\u00e9ros de t\u00e9l\u00e9phone avaient \u00e9t\u00e9 mis \u00e0 la disposition des MRE en vue de r\u00e9pondre \u00e0 leurs diff\u00e9rentes questions, rappelle le communiqu\u00e9, notant que la cellule charg\u00e9e de recevoir les plaintes des MRE a continu\u00e9 \u00e0 offrir ses services \u00e0 distance.<\/p>\n<\/div>\n<p>L\u2019article <a rel=\"nofollow\" href=\"http:\/\/www.mapoujda.ma\/fr\/renforcement-de-la-communication-autour-de-lorientation-et-de-laccompagnement-administratif-des-mre\/\">Renforcement de la communication autour de l\u2019orientation et de l\u2019accompagnement administratif des MRE<\/a> est apparu en premier sur <a rel=\"nofollow\" href=\"http:\/\/www.mapoujda.ma\/fr\">MapOujda<\/a>.<\/p>\n<\/div>\n<p>Auteur: Soufiane ELAHMAR<br \/>\n<a href=\"http:\/\/www.mapoujda.ma\/fr\/renforcement-de-la-communication-autour-de-lorientation-et-de-laccompagnement-administratif-des-mre\/\">Cliquez ici pour lire l&rsquo;article depuis sa source.<\/a><\/p>\n","protected":false},"excerpt":{"rendered":"<p>Le minist\u00e8re d\u00e9l\u00e9gu\u00e9 charg\u00e9 des Marocains r\u00e9sidant \u00e0 l\u2019\u00e9tranger (MRE) a annonc\u00e9, lundi, le renforcement de sa communication au niveau central et territorial en vue d\u2019offrir orientation et accompagnement administratif aux Marocains du monde suite au lancement de l\u2019op\u00e9ration \u00ab\u00a0Marhaba 2021\u00a0\u00bb,\u00a0d\u2019autant plus que plusieurs administrations et institutions nationales connaissent une importante affluence de la part [&hellip;]<\/p>\n","protected":false},"author":1788,"featured_media":0,"comment_status":"closed","ping_status":"closed","sticky":false,"template":"","format":"standard","meta":{"fifu_image_url":"http:\/\/www.mapoujda.ma\/map\/uploads\/2021\/06\/Lop\u00e9ration-Marhaba-2019-M750\u00d7430-MAPARCHIVE.jpg","fifu_image_alt":"Renforcement de la communication autour de l\u2019orientation et de l\u2019accompagnement administratif des MRE","footnotes":""},"categories":[54,76],"tags":[],"class_list":["post-119074","post","type-post","status-publish","format-standard","hentry","category-maroc","category-regions"],"_links":{"self":[{"href":"https:\/\/linitiative.ca\/International\/wp-json\/wp\/v2\/posts\/119074","targetHints":{"allow":["GET"]}}],"collection":[{"href":"https:\/\/linitiative.ca\/International\/wp-json\/wp\/v2\/posts"}],"about":[{"href":"https:\/\/linitiative.ca\/International\/wp-json\/wp\/v2\/types\/post"}],"author":[{"embeddable":true,"href":"https:\/\/linitiative.ca\/International\/wp-json\/wp\/v2\/users\/1788"}],"replies":[{"embeddable":true,"href":"https:\/\/linitiative.ca\/International\/wp-json\/wp\/v2\/comments?post=119074"}],"version-history":[{"count":0,"href":"https:\/\/linitiative.ca\/International\/wp-json\/wp\/v2\/posts\/119074\/revisions"}],"wp:attachment":[{"href":"https:\/\/linitiative.ca\/International\/wp-json\/wp\/v2\/media?parent=119074"}],"wp:term":[{"taxonomy":"category","embeddable":true,"href":"https:\/\/linitiative.ca\/International\/wp-json\/wp\/v2\/categories?post=119074"},{"taxonomy":"post_tag","embeddable":true,"href":"https:\/\/linitiative.ca\/International\/wp-json\/wp\/v2\/tags?post=119074"}],"curies":[{"name":"wp","href":"https:\/\/api.w.org\/{rel}","templated":true}]}}