{"id":119078,"date":"2021-06-21T10:30:58","date_gmt":"2021-06-21T14:30:58","guid":{"rendered":"https:\/\/linitiative.ca\/International\/apres-la-crise-diplomatique-premier-ambassadeur-saoudien-au-qatar\/"},"modified":"2021-06-21T10:30:58","modified_gmt":"2021-06-21T14:30:58","slug":"apres-la-crise-diplomatique-premier-ambassadeur-saoudien-au-qatar","status":"publish","type":"post","link":"https:\/\/linitiative.ca\/International\/apres-la-crise-diplomatique-premier-ambassadeur-saoudien-au-qatar\/","title":{"rendered":"Apr\u00e8s la crise diplomatique, premier ambassadeur saoudien au Qatar"},"content":{"rendered":"<div>\n<div class=\"field field-name-body field-type-text-with-summary field-label-hidden\">\n<div class=\"field-items\">\n<div class=\"field-item even\" property=\"content:encoded\">\n<p class=\"rtejustify\">Le Qatar a annonc\u00e9 lundi avoir accueilli un ambassadeur d&rsquo;Arabie saoudite pour la premi\u00e8re fois depuis juin 2017 et une querelle qui a oppos\u00e9 les deux pays du Golfe jusqu&rsquo;\u00e0 leur r\u00e9conciliation r\u00e9cente sur fond de r\u00e9chauffement des relations diplomatiques au Moyen-Orient.<\/p>\n<\/div>\n<\/div>\n<\/div>\n<\/div>\n<p>Auteur: mbasraoui<br \/>\n<a href=\"https:\/\/www.leconomiste.com\/flash-infos\/apres-la-crise-diplomatique-premier-ambassadeur-saoudien-au-qatar\">Cliquez ici pour lire l&rsquo;article depuis sa source.<\/a><\/p>\n","protected":false},"excerpt":{"rendered":"<p>Le Qatar a annonc\u00e9 lundi avoir accueilli un ambassadeur d&rsquo;Arabie saoudite pour la premi\u00e8re fois depuis juin 2017 et une querelle qui a oppos\u00e9 les deux pays du Golfe jusqu&rsquo;\u00e0 leur r\u00e9conciliation r\u00e9cente sur fond de r\u00e9chauffement des relations diplomatiques au Moyen-Orient. Auteur: mbasraoui Cliquez ici pour lire l&rsquo;article depuis sa source.<\/p>\n","protected":false},"author":1763,"featured_media":0,"comment_status":"closed","ping_status":"closed","sticky":false,"template":"","format":"standard","meta":{"fifu_image_url":"","fifu_image_alt":"","footnotes":""},"categories":[78,54],"tags":[],"class_list":["post-119078","post","type-post","status-publish","format-standard","hentry","category-economie","category-maroc"],"_links":{"self":[{"href":"https:\/\/linitiative.ca\/International\/wp-json\/wp\/v2\/posts\/119078","targetHints":{"allow":["GET"]}}],"collection":[{"href":"https:\/\/linitiative.ca\/International\/wp-json\/wp\/v2\/posts"}],"about":[{"href":"https:\/\/linitiative.ca\/International\/wp-json\/wp\/v2\/types\/post"}],"author":[{"embeddable":true,"href":"https:\/\/linitiative.ca\/International\/wp-json\/wp\/v2\/users\/1763"}],"replies":[{"embeddable":true,"href":"https:\/\/linitiative.ca\/International\/wp-json\/wp\/v2\/comments?post=119078"}],"version-history":[{"count":0,"href":"https:\/\/linitiative.ca\/International\/wp-json\/wp\/v2\/posts\/119078\/revisions"}],"wp:attachment":[{"href":"https:\/\/linitiative.ca\/International\/wp-json\/wp\/v2\/media?parent=119078"}],"wp:term":[{"taxonomy":"category","embeddable":true,"href":"https:\/\/linitiative.ca\/International\/wp-json\/wp\/v2\/categories?post=119078"},{"taxonomy":"post_tag","embeddable":true,"href":"https:\/\/linitiative.ca\/International\/wp-json\/wp\/v2\/tags?post=119078"}],"curies":[{"name":"wp","href":"https:\/\/api.w.org\/{rel}","templated":true}]}}